{"id":58748,"date":"2016-10-12T12:32:17","date_gmt":"2016-10-12T11:32:17","guid":{"rendered":"http:\/\/2horizontes.com\/?p=58748"},"modified":"2016-10-12T12:32:48","modified_gmt":"2016-10-12T11:32:48","slug":"los-reyes-presiden-bajo-el-agua-el-primer-12-de-octubre-con-gobierno-en-funciones-y-sin-jefe-de-la-oposicion","status":"publish","type":"post","link":"https:\/\/2horizontes.com\/?p=58748","title":{"rendered":"Los Reyes presiden bajo el agua el primer 12 de octubre con Gobierno en funciones y sin jefe de la oposici\u00f3n"},"content":{"rendered":"<p>Con un gobierno en funciones, bajo un aguacero y con notables ausencias se celebr\u00f3 un a\u00f1o m\u00e1s el d\u00eda de la Fiesta Nacional. Este a\u00f1o la presencia de la lluvia rest\u00f3 public\u00f3 pero a\u00fan as\u00ed fueron varios miles los que acompa\u00f1aron a las fuerzas armadas en su d\u00eda m\u00e1s especial. Esta vez las miradas estaban m\u00e1s centradas en los movimientos de los representantes del PP y los &#8216;nuevos del PSOE. El &#8216;lider socialista, Javier Fern\u00e1ndez, acudi\u00f3 como presidente de su comunidad. Si estaban de nuevo Antonio y Rafael Hernando, junto al l\u00edder de Ciudadanos, Albert Rivera. Quiz\u00e1 la foto m\u00e1s representativa de lo que se presume que acontecer\u00e1 ante de que acabe octubre.<\/p>\n<p>Y las ausencias, las previstas, desde el l\u00edder de podemos Pablo Iglesias, a los representantes de las comunidades vasca, catalana y navarra. Tampoco asisti\u00f3 el primer presidente gallego, pero obviamente por diferentes motivos. Podemos ha saboteado el acto al no acudir ni un s\u00f3lo dirigente de la formaci\u00f3n, ni siquiera Manuela Carmena, alcaldesa de la ciudad, de viaje en Latinoam\u00e9rica.<\/p>\n<p>Reyes presidieron los actos centrales del D\u00eda de la Fiesta Nacional, que este a\u00f1o se celebran por primera vez con un Gobierno en funciones. En la tercer ocasi\u00f3n que Don Felipe preside el desfile, han desfilado 3.500 militares y guardias civiles, 43 veh\u00edculos y una limitada representaci\u00f3n a\u00e9rea debido a las condiciones climatol\u00f3gicas.<\/p>\n<p>Los actos comenzaron pasadas las 11.00 horas con la llegada de los Reyes a la madrile\u00f1a plaza de C\u00e1novas del Castillo. Tras los preceptivos honores militares, el Rey pas\u00f3 revista al Batall\u00f3n de Honores, para a continuaci\u00f3n saludar, junto con la Reina, al resto de autoridades asistentes al desfile.<\/p>\n<p>Acto seguido se procedi\u00f3 al izado de la bandera espa\u00f1ola. De nuevo, el momento m\u00e1s emocionante, el homenaje a todos aquellos que dieron su vida por Espa\u00f1a, que concluy\u00f3 con un vuelo de la Patrulla \u00c1guila, que pint\u00f3 en el cielo de Madrid la bandera de Espa\u00f1a.<\/p>\n<p>En el acto estuvieron presentes el presidente del Gobierno en funciones, Mariano Rajoy, los ministros en funciones, los presidentes del Congreso de los Diputados y del Senado, presidentes auton\u00f3micos y otras autoridades nacionales, auton\u00f3micas y locales. La noticia fueron e nuevo las ausencias. <strong>Pa\u00eds Vasco, Catalu\u00f1a <\/strong>y de nuevo Navarra se quedaron sin representaci\u00f3n institucional. Podemos tampoco quiso estar presente en estos actos del D\u00eda Nacional, como ya advirti\u00f3 su l\u00edder <strong>Pablo Iglesias.<\/strong><\/p>\n<p>Y por el centro de <strong>Madrid <\/strong>volvieron a desfilar representantes de los tres ej\u00e9rcitos. La lluvia impidi\u00f3 despegar a los 60 aviones preparados por el ej\u00e9rcito del aire. Si desfilaron una representaci\u00f3n de sus cazas.<\/p>\n<p>El desfile terrestre estuvo encabezado por la secci\u00f3n de motos de la Guardia Real. A continuaci\u00f3n desfil\u00f3 la Unidad de Veteranos de las <strong>Fuerzas Armadas<\/strong> y la Guardia Civil, con cinco militares con discapacidad de la Asociaci\u00f3n Espa\u00f1ola de Militares y <strong>Guardias Civiles con Discapacidad (Acime)<\/strong>, seguidos de la Unidad de Reservistas Voluntarios.<\/p>\n<p>De nuevo, siguiendo la pol\u00edtica de restricciones econ\u00f3micas desde 2011 para el desfile, en la parada no se vieron ni acorazados ni carros de combate, Desfilaron cuatro agrupaciones a pie del Ej\u00e9rcito de Tierra, la Armada, el Ej\u00e9rcito de Tierra, la Guardia Civil, la Unidad Militar de Emergencias (UME) y la Guardia Real.<\/p>\n<h3 class=\"subhead\">Otras banderas<\/h3>\n<p>Adem\u00e1s, han desfilado las banderas de los pa\u00edses que forman parte de la fuerza de muy alta disponibilidad o punta de lanza (VJTF, por sus siglas en ingl\u00e9s) de la OTAN, que lidera Espa\u00f1a en su primer a\u00f1o de operatividad.<\/p>\n<p>As\u00ed, se han podido ver las ense\u00f1as de <strong>Estados Unidos, Portugal, Reino Unido, Italia, Albania, B\u00e9lgica, Grecia, Polonia, Ruman\u00eda, Luxemburgo, Hungr\u00eda y Croacia<\/strong>, todas ellas portadas por militares de estas nacionalidades.<\/p>\n<p>Terminado el desfile los Reyes se han trasladado al Palacio Real para ofrecer la tradicional recepci\u00f3n a las m\u00e1s altas autoridades del Estado.<\/p>\n","protected":false},"excerpt":{"rendered":"<p>Con un gobierno en funciones, bajo un aguacero y con notables ausencias se celebr\u00f3 un a\u00f1o m\u00e1s el d\u00eda de la Fiesta Nacional. Este a\u00f1o la presencia de la lluvia rest\u00f3 public\u00f3 pero a\u00fan as\u00ed fueron varios miles los que acompa\u00f1aron a las fuerzas armadas en su d\u00eda m\u00e1s especial. Esta vez las miradas estaban [&hellip;]<\/p>\n","protected":false},"author":4,"featured_media":58749,"comment_status":"open","ping_status":"open","sticky":false,"template":"","format":"standard","meta":{"footnotes":""},"categories":[62,85,43,83],"tags":[],"class_list":["post-58748","post","type-post","status-publish","format-standard","has-post-thumbnail","hentry","category-cultura","category-espana","category-politica","category-reportajes"],"_links":{"self":[{"href":"https:\/\/2horizontes.com\/index.php?rest_route=\/wp\/v2\/posts\/58748","targetHints":{"allow":["GET"]}}],"collection":[{"href":"https:\/\/2horizontes.com\/index.php?rest_route=\/wp\/v2\/posts"}],"about":[{"href":"https:\/\/2horizontes.com\/index.php?rest_route=\/wp\/v2\/types\/post"}],"author":[{"embeddable":true,"href":"https:\/\/2horizontes.com\/index.php?rest_route=\/wp\/v2\/users\/4"}],"replies":[{"embeddable":true,"href":"https:\/\/2horizontes.com\/index.php?rest_route=%2Fwp%2Fv2%2Fcomments&post=58748"}],"version-history":[{"count":1,"href":"https:\/\/2horizontes.com\/index.php?rest_route=\/wp\/v2\/posts\/58748\/revisions"}],"predecessor-version":[{"id":58750,"href":"https:\/\/2horizontes.com\/index.php?rest_route=\/wp\/v2\/posts\/58748\/revisions\/58750"}],"wp:featuredmedia":[{"embeddable":true,"href":"https:\/\/2horizontes.com\/index.php?rest_route=\/wp\/v2\/media\/58749"}],"wp:attachment":[{"href":"https:\/\/2horizontes.com\/index.php?rest_route=%2Fwp%2Fv2%2Fmedia&parent=58748"}],"wp:term":[{"taxonomy":"category","embeddable":true,"href":"https:\/\/2horizontes.com\/index.php?rest_route=%2Fwp%2Fv2%2Fcategories&post=58748"},{"taxonomy":"post_tag","embeddable":true,"href":"https:\/\/2horizontes.com\/index.php?rest_route=%2Fwp%2Fv2%2Ftags&post=58748"}],"curies":[{"name":"wp","href":"https:\/\/api.w.org\/{rel}","templated":true}]}}