{"id":587,"date":"2014-05-01T16:28:22","date_gmt":"2014-05-01T16:28:22","guid":{"rendered":"http:\/\/2horizontes.com\/?p=587"},"modified":"2014-05-01T16:28:22","modified_gmt":"2014-05-01T16:28:22","slug":"cnt-en-madrid-realizo-marcha-hoy-1ero-de-mayo-2014","status":"publish","type":"post","link":"https:\/\/2horizontes.com\/?p=587","title":{"rendered":"CNT en Madrid, realiz\u00f3 marcha Hoy, 1ero. De Mayo, 2014."},"content":{"rendered":"<p>Por Olmedo Pineda<br \/>\nMadrid, Espa\u00f1a, 1 de Mayo, 2014.- La Central Nacional de Trabajadores (CNT- Madrid) fue celebrada una multitudinaria marcha hoy en la capital madrile\u00f1a, que recorri\u00f3 la calle Bravo Murillo del sector de Tetu\u00e1n, finalizando en la glorieta de Cuatro Camino, con un discurso del dirigente sindical Sancho Ru\u00edz, Secretario de Comunicaci\u00f3n CNT-Artes Gr\u00e1ficas y Espect\u00e1culo de Madrid.<\/p>\n<p>A la marcha participaron trabajadores, obreros en el paro laboral y de diferentes nacionalidades entre ellos dominicanos quieren hicieron ondear la bandera tricolor de la isla caribe\u00f1a portada por el se\u00f1or Miguel Catalu\u00f1a Ortiz, un conocido luchador social y compatriota espa\u00f1ol-dominicano.<\/p>\n<p>Durante la caminata los obreros y obreras, vociferaban consignas de rechazo a la familia mon\u00e1rquica, \u201cFamilia Borb\u00f3n al pared\u00f3n\u201d, \u201cFuera de los barrios Polic\u00eda Nacional\u201d, \u201cObreros unidos jam\u00e1s ser\u00e1n vencidos\u201d, entre otras consignas de llamados anarquismo social.<\/p>\n<p>Unas 79 marchas similares se realizaron en toda Espa\u00f1a.<\/p>\n<p>Historia de la CNT<\/p>\n<p>\u00bfQu\u00e9 es la Federaci\u00f3n Local de CNT-AIT Madrid?<br \/>\nLa Federaci\u00f3n Local de de CNT-AIT Madrid la conforman actualmente 6 sindicatos: Metal, Artes Gr\u00e1ficas y espect\u00e1culos, Oficios Varios, Ense\u00f1anza e Intervenci\u00f3n Social, Construcci\u00f3n y madera, y por \u00faltimo, Transportes y Telecomunicaciones.<\/p>\n<p>Es una serie de trabajadores\/as influenciados por las ideas anarquistas que creen que es fundamental estar organizados, asociados y federados para hacer frente a los ataques de la Patronal (despidos, impagos, acosos\u2026). As\u00ed como para ir mejorando las condiciones laborales y sociales.<\/p>\n<p>Creen vivir en claras condiciones de explotaci\u00f3n, donde los propietarios, empresarios y dem\u00e1s gente adinerada, explota, gracias a la posesi\u00f3n de sus abundantes bienes, a una cantidad ingente de trabajadores. Pensamos que mientras exista esta divisi\u00f3n clasista de la sociedad no puede haber justicia, ni libertad.<\/p>\n<p>Por todo ello, para que de una vez por todas dejen de producirse estos abusos luchan por la transformaci\u00f3n social, el fin de las clases y la explotaci\u00f3n. Defienden una sociedad justa y equitativa basada en los principios del Comunismo Libertario.<\/p>\n","protected":false},"excerpt":{"rendered":"<p>Por Olmedo Pineda Madrid, Espa\u00f1a, 1 de Mayo, 2014.- La Central Nacional de Trabajadores (CNT- Madrid) fue celebrada una multitudinaria marcha hoy en la capital madrile\u00f1a, que recorri\u00f3 la calle Bravo Murillo del sector de Tetu\u00e1n, finalizando en la glorieta de Cuatro Camino, con un discurso del dirigente sindical Sancho Ru\u00edz, Secretario de Comunicaci\u00f3n CNT-Artes [&hellip;]<\/p>\n","protected":false},"author":1,"featured_media":711,"comment_status":"open","ping_status":"open","sticky":false,"template":"","format":"standard","meta":{"footnotes":""},"categories":[1],"tags":[],"class_list":["post-587","post","type-post","status-publish","format-standard","has-post-thumbnail","hentry","category-entretenimiento"],"_links":{"self":[{"href":"https:\/\/2horizontes.com\/index.php?rest_route=\/wp\/v2\/posts\/587","targetHints":{"allow":["GET"]}}],"collection":[{"href":"https:\/\/2horizontes.com\/index.php?rest_route=\/wp\/v2\/posts"}],"about":[{"href":"https:\/\/2horizontes.com\/index.php?rest_route=\/wp\/v2\/types\/post"}],"author":[{"embeddable":true,"href":"https:\/\/2horizontes.com\/index.php?rest_route=\/wp\/v2\/users\/1"}],"replies":[{"embeddable":true,"href":"https:\/\/2horizontes.com\/index.php?rest_route=%2Fwp%2Fv2%2Fcomments&post=587"}],"version-history":[{"count":2,"href":"https:\/\/2horizontes.com\/index.php?rest_route=\/wp\/v2\/posts\/587\/revisions"}],"predecessor-version":[{"id":712,"href":"https:\/\/2horizontes.com\/index.php?rest_route=\/wp\/v2\/posts\/587\/revisions\/712"}],"wp:featuredmedia":[{"embeddable":true,"href":"https:\/\/2horizontes.com\/index.php?rest_route=\/wp\/v2\/media\/711"}],"wp:attachment":[{"href":"https:\/\/2horizontes.com\/index.php?rest_route=%2Fwp%2Fv2%2Fmedia&parent=587"}],"wp:term":[{"taxonomy":"category","embeddable":true,"href":"https:\/\/2horizontes.com\/index.php?rest_route=%2Fwp%2Fv2%2Fcategories&post=587"},{"taxonomy":"post_tag","embeddable":true,"href":"https:\/\/2horizontes.com\/index.php?rest_route=%2Fwp%2Fv2%2Ftags&post=587"}],"curies":[{"name":"wp","href":"https:\/\/api.w.org\/{rel}","templated":true}]}}