{"id":58693,"date":"2016-10-08T11:21:31","date_gmt":"2016-10-08T10:21:31","guid":{"rendered":"http:\/\/2horizontes.com\/?p=58693"},"modified":"2016-10-08T11:21:31","modified_gmt":"2016-10-08T10:21:31","slug":"la-exmujer-de-breton-me-gustaria-que-se-muriera-quemado-como-mis-hijos","status":"publish","type":"post","link":"https:\/\/2horizontes.com\/?p=58693","title":{"rendered":"La exmujer de Bret\u00f3n: \u201cMe gustar\u00eda que se muriera quemado como mis hijos\u201d"},"content":{"rendered":"<p>Ruth Ortiz, la exmujer de Jos\u00e9 Bret\u00f3n, condenado a 40 a\u00f1os de prisi\u00f3n por asesinar a sus hijos Ruth y Jos\u00e9 en 2011, ha asegurado este viernes que le gustar\u00eda que un d\u00eda le llegara la noticia de que su exmarido ha fallecido: \u201cSer\u00eda un alivio, y lo suyo ser\u00eda que muriera quemado como mis hijos\u201d, ha afirmado. Ortiz ha hecho estas declaraciones despu\u00e9s de que Bret\u00f3n haya intentado suicidarse en su celda de la prisi\u00f3n de Herrera de la Mancha (Ciudad Real).<\/p>\n<p>En una entrevista en Telecinco, la madre de las v\u00edctimas ha insistido en que la vida de Bret\u00f3n \u201cera y es un infierno\u201d, y ha a\u00f1adido: \u201cNo est\u00e1 contento con nada, nunca lo ha estado y vive en un constante infierno\u201d. Un d\u00eda antes de que se cumplan cinco a\u00f1os de la desaparici\u00f3n de los peque\u00f1os, el 8 de octubre de 2011, Ruth se\u00f1ala que no sabe \u201cpara qu\u00e9\u201d su exmarido tiene fotos de sus hijos en la c\u00e1rcel. \u201cSu mentira le ha metido tanto en su papel que se la ha cre\u00eddo\u201d, ha declarado.<\/p>\n<p>Preguntada por si se imagina a Jos\u00e9 Bret\u00f3n saliendo a la calle, Ortiz ha aseverado que no ve \u201cjusto\u201d que ese d\u00eda llegue. No obstante, ha dicho que si eso ocurriera, su exmarido \u201ces tan cobarde\u201d que no cree que fuera capaz de acercarse a ella directamente. \u201cAunque no s\u00e9 lo que est\u00e1 maquinando en la c\u00e1rcel\u201d, ha matizado, \u201clo mismo est\u00e1 preparando otra venganza\u201d.<\/p>\n<p>Su mentira le ha metido tanto en su papel que se la ha cre\u00eddo<\/p>\n<p>Sobre el intento de suicidio de Bret\u00f3n, la madre de las v\u00edctimas ha remarcado que no cree que quisiera suicidarse porque, de haber sido as\u00ed, \u201cya lo habr\u00eda hecho\u201d. Seg\u00fan ella, el asesino de Ruth y Jos\u00e9 ha querido llamar la atenci\u00f3n porque este s\u00e1bado se cumplen cinco a\u00f1os de la desaparici\u00f3n de los ni\u00f1os y \u201cquiz\u00e1s no le apetece estar en la c\u00e1rcel por la presi\u00f3n de sus compa\u00f1eros y prefer\u00eda estar en el hospital\u201d. \u201cEstoy harta de sus llamadas de atenci\u00f3n\u201d, ha dicho Ortiz, a lo que ha a\u00f1adido que sabe que \u201ces un preso problem\u00e1tico\u201d que no querr\u00e1n en ninguna c\u00e1rcel y no cree que reciba visitas. \u201c\u00c9l est\u00e1 solo\u201d, ha manifestado.<\/p>\n<p>Preguntada por su situaci\u00f3n actual, ha insistido en que \u201cno hay m\u00e1s remedio que recuperarse\u201d, y ha a\u00f1adido: \u201cSigo luchando todos los d\u00edas y el d\u00eda 8 de octubre me trae muchos recuerdos y mucho dolor\u201d. No obstante, ha asegurado que \u201cpor fin\u201d los restos de sus hijos est\u00e1n enterrados, por lo que puede \u201cir a llevarles flores y visitarlos\u201d.<\/p>\n<p>Juicio contra sus familiares<\/p>\n<p>El pasado 29 de junio familiares de Ruth Ortiz se sentaron en el banquillo en el Juzgado de lo Penal 9 de Sevilla por concentrarse en la puerta de la casa de Rafael Bret\u00f3n, hermano de \u00e9ste, en Tomares (Sevilla) cuando los ni\u00f1os estaban desaparecidos, y a\u00fan no se conoce el fallo de la sentencia.<\/p>\n<p>Al respecto, Ruth Ortiz ha detallado que sus familiares \u201cfueron algunos d\u00edas a las puerta de la casa de Rafael para que hablara y colaborara con la justicia y entonces eso no le gust\u00f3 nada y lleg\u00f3 a denunciar\u201d.<\/p>\n<p>Jos\u00e9 Bret\u00f3n, durante el juicio por el asesinato de sus hijos<br \/>\nJos\u00e9 Bret\u00f3n, durante el juicio por el asesinato de sus hijos (EFE)<br \/>\n\u201c\u00c9l dice que sus hijos se alteraron mucho y en el juicio tuve que escuchar a la mujer de Rafael diciendo que ella era la que peor lo hab\u00eda pasado con todo esto. Es querer quedar por encima y hacer m\u00e1s da\u00f1o del que ya se ha hecho\u201d, ha opinado Ruth Ortiz, que tambi\u00e9n ha reconocido que \u201calguna multa les caer\u00e1\u201d a sus familiares. De hecho, la Fiscal\u00eda ha rebajado la pena a una multa de 1.000 euros, a raz\u00f3n de seis euros diarios durante seis meses, para los seis familiares y amigos de Ruth Ortiz por un presunto delito de coacciones con la atenuante de arrebato u ofuscaci\u00f3n.<\/p>\n<p>El estado de salud de Bret\u00f3n<\/p>\n<p>Despu\u00e9s del intento de suicidio, el asesino de los peque\u00f1os Ruth y Jos\u00e9 ha pasado su segunda noche en la Unidad de Reanimaci\u00f3n (REA) del Hospital General Universitario de Ciudad Real, seg\u00fan fuentes sanitarias. Pese a continuar en esta unidad, el equipo m\u00e9dico que le oper\u00f3 no teme por su vida tras las lesiones en el cuello que present\u00f3 realizadas con una cuchilla de afeitar en su celda.<\/p>\n<p>De momento, se desconoce si las heridas que se caus\u00f3 el interno fueron con el \u00e1nimo de quitarse la vida o para llamar la atenci\u00f3n<\/p>\n<p>En funci\u00f3n de c\u00f3mo evolucione de sus heridas, Bret\u00f3n podr\u00eda abandonar la Unidad de Reanimaci\u00f3n para ser trasladado a la Unidad de Custodia de Presos del mismo centro hospitalario. Bret\u00f3n, que cumple condena en la prisi\u00f3n de Herrera de la Mancha, fue trasladado al Hospital de Ciudad Real sobre las diez de la noche del pasado mi\u00e9rcoles a causa de las lesiones en el cuello. De momento, se desconoce si las heridas que se caus\u00f3 el interno fueron con el \u00e1nimo de quitarse la vida o para llamar la atenci\u00f3n, ya que desde hace meses lleva reclamando su traslado a la c\u00e1rcel de C\u00f3rdoba para estar m\u00e1s cerca de su familia.<\/p>\n<p>Jos\u00e9 Bret\u00f3n fue condenado en el verano de 2013 por la Audiencia de C\u00f3rdoba a 40 a\u00f1os de prisi\u00f3n como autor de dos delitos de asesinato por la muerte de sus hijos en 2011 y desde mayo de este a\u00f1o cumple su pena en la c\u00e1rcel de Herrera de la Mancha despu\u00e9s de pasar por los centros de Ja\u00e9n II, Villena (Alicante) y C\u00f3rdoba.<\/p>\n","protected":false},"excerpt":{"rendered":"<p>Ruth Ortiz, la exmujer de Jos\u00e9 Bret\u00f3n, condenado a 40 a\u00f1os de prisi\u00f3n por asesinar a sus hijos Ruth y Jos\u00e9 en 2011, ha asegurado este viernes que le gustar\u00eda que un d\u00eda le llegara la noticia de que su exmarido ha fallecido: \u201cSer\u00eda un alivio, y lo suyo ser\u00eda que muriera quemado como mis [&hellip;]<\/p>\n","protected":false},"author":3,"featured_media":58694,"comment_status":"open","ping_status":"open","sticky":false,"template":"","format":"standard","meta":{"footnotes":""},"categories":[85],"tags":[],"class_list":["post-58693","post","type-post","status-publish","format-standard","has-post-thumbnail","hentry","category-espana"],"_links":{"self":[{"href":"https:\/\/2horizontes.com\/index.php?rest_route=\/wp\/v2\/posts\/58693","targetHints":{"allow":["GET"]}}],"collection":[{"href":"https:\/\/2horizontes.com\/index.php?rest_route=\/wp\/v2\/posts"}],"about":[{"href":"https:\/\/2horizontes.com\/index.php?rest_route=\/wp\/v2\/types\/post"}],"author":[{"embeddable":true,"href":"https:\/\/2horizontes.com\/index.php?rest_route=\/wp\/v2\/users\/3"}],"replies":[{"embeddable":true,"href":"https:\/\/2horizontes.com\/index.php?rest_route=%2Fwp%2Fv2%2Fcomments&post=58693"}],"version-history":[{"count":1,"href":"https:\/\/2horizontes.com\/index.php?rest_route=\/wp\/v2\/posts\/58693\/revisions"}],"predecessor-version":[{"id":58695,"href":"https:\/\/2horizontes.com\/index.php?rest_route=\/wp\/v2\/posts\/58693\/revisions\/58695"}],"wp:featuredmedia":[{"embeddable":true,"href":"https:\/\/2horizontes.com\/index.php?rest_route=\/wp\/v2\/media\/58694"}],"wp:attachment":[{"href":"https:\/\/2horizontes.com\/index.php?rest_route=%2Fwp%2Fv2%2Fmedia&parent=58693"}],"wp:term":[{"taxonomy":"category","embeddable":true,"href":"https:\/\/2horizontes.com\/index.php?rest_route=%2Fwp%2Fv2%2Fcategories&post=58693"},{"taxonomy":"post_tag","embeddable":true,"href":"https:\/\/2horizontes.com\/index.php?rest_route=%2Fwp%2Fv2%2Ftags&post=58693"}],"curies":[{"name":"wp","href":"https:\/\/api.w.org\/{rel}","templated":true}]}}