{"id":58681,"date":"2016-10-07T15:30:34","date_gmt":"2016-10-07T14:30:34","guid":{"rendered":"http:\/\/2horizontes.com\/?p=58681"},"modified":"2016-10-07T15:30:34","modified_gmt":"2016-10-07T14:30:34","slug":"dos-se-ahorcan-en-villa-altagracia-y-piedra-blanca","status":"publish","type":"post","link":"https:\/\/2horizontes.com\/?p=58681","title":{"rendered":"Dos se ahorcan en Villa Altagracia y Piedra Blanca"},"content":{"rendered":"<article id=\"post-667708\" class=\"post-667708 post type-post status-publish format-standard has-post-thumbnail hentry category-noticias-ultimo-minuto category-portada category-provincias\">\n<div class=\"entry-content\">\n<p>BONAO.- \u00a0Un comerciante y un empleado de una finca se ahorcaron ayer, en hechos separados, ocurridos en los municipios de Villa Altagracia y Piedra Blanca, de esta provincia, inform\u00f3 hoy\u00a0 la Polic\u00eda.<\/p>\n<p>Los muertos fueron identificadas como Pablo de Dios Corpor\u00e1n (Rey) y Jes\u00fas P\u00e9rez de La Rosa (Boro), de 47 y 33 a\u00f1os de edad, respectivamente.<\/p>\n<p>De Dios Corpor\u00e1n, quien resid\u00eda en la calle Los P\u00e9rez n\u00famero 6 del sector Los Multi, de Villa Altagracia, muri\u00f3 a causa de asfixie por ahorcamiento al colgarse de un\u00a0 bajante de madera en el techo de su casa, con una soga de nylon atada al cuello.<\/p>\n<p>La enfermera \u00c1ngela Corpor\u00e1n V\u00e1squez, esposa del occiso, dijo a la Polic\u00eda que su marido le manifest\u00f3 en horas de la noche del d\u00eda anterior que se sent\u00eda agobiado con muchas deudas y que su negocio de expendi\u00f3 de bebidas alcoh\u00f3licas estaba sin mercanc\u00edas, por lo que presume fue la causa de tomar la fatal decisi\u00f3n.<\/p>\n<p>De Dios Corporan dej\u00f3 un manuscrito donde le pide perd\u00f3n a su esposa por lo sucedido.<\/p>\n<p>En cuanto a P\u00e9rez de la Rosa, quien resid\u00eda en el distrito municipal de Juan Adrian, Piedra Blanca, Bonao, falleci\u00f3 tambi\u00e9n a causa de asfixia por ahorcadura, seg\u00fan el m\u00e9dico legista.<\/p>\n<p>Su padre Merejildo P\u00e9rez Hilario manifest\u00f3 a la Polic\u00eda que su hijo se quit\u00f3 la vida con un cable en el ba\u00f1o de su casa, motivado a unas reses que vendi\u00f3 extraviada.<\/p>\n<div class=\"cb\"><\/div>\n<\/div>\n<\/article>\n","protected":false},"excerpt":{"rendered":"<p>BONAO.- \u00a0Un comerciante y un empleado de una finca se ahorcaron ayer, en hechos separados, ocurridos en los municipios de Villa Altagracia y Piedra Blanca, de esta provincia, inform\u00f3 hoy\u00a0 la Polic\u00eda. Los muertos fueron identificadas como Pablo de Dios Corpor\u00e1n (Rey) y Jes\u00fas P\u00e9rez de La Rosa (Boro), de 47 y 33 a\u00f1os de [&hellip;]<\/p>\n","protected":false},"author":13240,"featured_media":40747,"comment_status":"open","ping_status":"open","sticky":false,"template":"","format":"standard","meta":{"footnotes":""},"categories":[56,44],"tags":[],"class_list":["post-58681","post","type-post","status-publish","format-standard","has-post-thumbnail","hentry","category-notas-luctuosas","category-republica-dominicana"],"_links":{"self":[{"href":"https:\/\/2horizontes.com\/index.php?rest_route=\/wp\/v2\/posts\/58681","targetHints":{"allow":["GET"]}}],"collection":[{"href":"https:\/\/2horizontes.com\/index.php?rest_route=\/wp\/v2\/posts"}],"about":[{"href":"https:\/\/2horizontes.com\/index.php?rest_route=\/wp\/v2\/types\/post"}],"author":[{"embeddable":true,"href":"https:\/\/2horizontes.com\/index.php?rest_route=\/wp\/v2\/users\/13240"}],"replies":[{"embeddable":true,"href":"https:\/\/2horizontes.com\/index.php?rest_route=%2Fwp%2Fv2%2Fcomments&post=58681"}],"version-history":[{"count":1,"href":"https:\/\/2horizontes.com\/index.php?rest_route=\/wp\/v2\/posts\/58681\/revisions"}],"predecessor-version":[{"id":58683,"href":"https:\/\/2horizontes.com\/index.php?rest_route=\/wp\/v2\/posts\/58681\/revisions\/58683"}],"wp:featuredmedia":[{"embeddable":true,"href":"https:\/\/2horizontes.com\/index.php?rest_route=\/wp\/v2\/media\/40747"}],"wp:attachment":[{"href":"https:\/\/2horizontes.com\/index.php?rest_route=%2Fwp%2Fv2%2Fmedia&parent=58681"}],"wp:term":[{"taxonomy":"category","embeddable":true,"href":"https:\/\/2horizontes.com\/index.php?rest_route=%2Fwp%2Fv2%2Fcategories&post=58681"},{"taxonomy":"post_tag","embeddable":true,"href":"https:\/\/2horizontes.com\/index.php?rest_route=%2Fwp%2Fv2%2Ftags&post=58681"}],"curies":[{"name":"wp","href":"https:\/\/api.w.org\/{rel}","templated":true}]}}