{"id":58672,"date":"2016-10-07T14:52:32","date_gmt":"2016-10-07T13:52:32","guid":{"rendered":"http:\/\/2horizontes.com\/?p=58672"},"modified":"2016-10-07T14:52:32","modified_gmt":"2016-10-07T13:52:32","slug":"margallo-dice-espana-seguira-cooperando-con-haiti-para-aliviar-su-sufrimiento","status":"publish","type":"post","link":"https:\/\/2horizontes.com\/?p=58672","title":{"rendered":"Margallo dice Espa\u00f1a seguir\u00e1 cooperando con Hait\u00ed para aliviar su sufrimiento"},"content":{"rendered":"<p>Ankara, (EFE).- El ministro espa\u00f1ol de Asuntos Exteriores en funciones, Jos\u00e9 Manuel Garc\u00eda-Margallo, asegur\u00f3 hoy que Espa\u00f1a seguir\u00e1 cooperando con el pueblo de Hait\u00ed \u201cpara aliviar su sufrimiento\u201d, despu\u00e9s de que el paso del hurac\u00e1n Matthew haya dejado unos 300 muertos.<\/p>\n<p>Garc\u00eda-Margallo hizo estas declaraciones al inicio de la rueda de prensa que ofreci\u00f3 junto a su hom\u00f3logo turco, Mevl\u00fct Cavusoglu, tras la reuni\u00f3n que mantuvieron en la sede del Ministerio de Exteriores en Ankara, donde se encuentra de visita oficial.<\/p>\n<p>El jefe de la diplomacia espa\u00f1ola se\u00f1al\u00f3 que el Gobierno ha puesto a disposici\u00f3n de Hait\u00ed medios con material de cobijo, potabilizaci\u00f3n y almacenamiento de agua a trav\u00e9s de Panam\u00e1 y del Programa Mundial de Alimentos.<\/p>\n<p>Espa\u00f1a anunci\u00f3 ayer el env\u00edo de \u201cmaterial de cobijo, potabilizaci\u00f3n y almacenamiento de agua\u201d a trav\u00e9s de un vuelo compartido con el Programa Mundial de Alimentos.<\/p>\n<p>En un comunicado del Ministerio de Asuntos Exteriores, el Ejecutivo explic\u00f3 ayer que el vuelo con ayuda humanitaria partir\u00e1 desde Panam\u00e1 y detall\u00f3 que el coste total de la operaci\u00f3n se estima en 150.000 euros. EFE<\/p>\n","protected":false},"excerpt":{"rendered":"<p>Ankara, (EFE).- El ministro espa\u00f1ol de Asuntos Exteriores en funciones, Jos\u00e9 Manuel Garc\u00eda-Margallo, asegur\u00f3 hoy que Espa\u00f1a seguir\u00e1 cooperando con el pueblo de Hait\u00ed \u201cpara aliviar su sufrimiento\u201d, despu\u00e9s de que el paso del hurac\u00e1n Matthew haya dejado unos 300 muertos. Garc\u00eda-Margallo hizo estas declaraciones al inicio de la rueda de prensa que ofreci\u00f3 junto [&hellip;]<\/p>\n","protected":false},"author":13240,"featured_media":58674,"comment_status":"open","ping_status":"open","sticky":false,"template":"","format":"standard","meta":{"footnotes":""},"categories":[86,47,40],"tags":[],"class_list":["post-58672","post","type-post","status-publish","format-standard","has-post-thumbnail","hentry","category-europa","category-haiti","category-internacionales"],"_links":{"self":[{"href":"https:\/\/2horizontes.com\/index.php?rest_route=\/wp\/v2\/posts\/58672","targetHints":{"allow":["GET"]}}],"collection":[{"href":"https:\/\/2horizontes.com\/index.php?rest_route=\/wp\/v2\/posts"}],"about":[{"href":"https:\/\/2horizontes.com\/index.php?rest_route=\/wp\/v2\/types\/post"}],"author":[{"embeddable":true,"href":"https:\/\/2horizontes.com\/index.php?rest_route=\/wp\/v2\/users\/13240"}],"replies":[{"embeddable":true,"href":"https:\/\/2horizontes.com\/index.php?rest_route=%2Fwp%2Fv2%2Fcomments&post=58672"}],"version-history":[{"count":1,"href":"https:\/\/2horizontes.com\/index.php?rest_route=\/wp\/v2\/posts\/58672\/revisions"}],"predecessor-version":[{"id":58675,"href":"https:\/\/2horizontes.com\/index.php?rest_route=\/wp\/v2\/posts\/58672\/revisions\/58675"}],"wp:featuredmedia":[{"embeddable":true,"href":"https:\/\/2horizontes.com\/index.php?rest_route=\/wp\/v2\/media\/58674"}],"wp:attachment":[{"href":"https:\/\/2horizontes.com\/index.php?rest_route=%2Fwp%2Fv2%2Fmedia&parent=58672"}],"wp:term":[{"taxonomy":"category","embeddable":true,"href":"https:\/\/2horizontes.com\/index.php?rest_route=%2Fwp%2Fv2%2Fcategories&post=58672"},{"taxonomy":"post_tag","embeddable":true,"href":"https:\/\/2horizontes.com\/index.php?rest_route=%2Fwp%2Fv2%2Ftags&post=58672"}],"curies":[{"name":"wp","href":"https:\/\/api.w.org\/{rel}","templated":true}]}}