{"id":58670,"date":"2016-10-07T14:39:39","date_gmt":"2016-10-07T13:39:39","guid":{"rendered":"http:\/\/2horizontes.com\/?p=58670"},"modified":"2016-10-07T14:39:39","modified_gmt":"2016-10-07T13:39:39","slug":"ingrid-betancourt-farc-tambien-merecia-el-premio-nobel","status":"publish","type":"post","link":"https:\/\/2horizontes.com\/?p=58670","title":{"rendered":"Ingrid Betancourt: FARC tambi\u00e9n merec\u00eda el Premio Nobel"},"content":{"rendered":"<p>Ingrid Betancourt, ex candidata presidencial de Colombia, se pronunci\u00f3 sobre el Premio Nobel de la Paz otorgado al presidente Juan Manuel Santos, por sus esfuerzos en los di\u00e1logos de paz con las Fuerzas Armadas Revolucionaria de Colombia (FARC).<\/p>\n<p>En una entrevista telef\u00f3nica con Betancourt, el canal noticioso franc\u00e9s I-T\u00e9l\u00e9 pregunt\u00f3 a la ex candidata presidencial si los que la secuestraron se merec\u00edan tambi\u00e9n haber recibido el Nobel de la paz. A lo que contest\u00f3 que s\u00ed.<\/p>\n<p>\u00abPara m\u00ed es muy duro decir que s\u00ed, pero creo que s\u00ed. Estoy muy feliz por la atribuci\u00f3n del premio \u00ab, agreg\u00f3 la Betancourt, secuestrada por las FARC en 2002 cuando fue candidata a la presidencia.<\/p>\n<p>\u00abCreo que no s\u00f3lo es merecido, sino que tambi\u00e9n invita a un momento de reflexi\u00f3n en Colombia, de esperanza de paz, de la alegr\u00eda de decirnos que, efectivamente, la paz no tiene marcha atr\u00e1s\u00bb, indic\u00f3.<\/p>\n<p>Adem\u00e1s, se\u00f1al\u00f3 que Santos est\u00e1 cambiando la historia del pa\u00eds porque le da a las nuevas generaciones colombianas la posibilidad de un pa\u00eds diferente. Es un momento muy importante para Colombia.<\/p>\n","protected":false},"excerpt":{"rendered":"<p>Ingrid Betancourt, ex candidata presidencial de Colombia, se pronunci\u00f3 sobre el Premio Nobel de la Paz otorgado al presidente Juan Manuel Santos, por sus esfuerzos en los di\u00e1logos de paz con las Fuerzas Armadas Revolucionaria de Colombia (FARC). En una entrevista telef\u00f3nica con Betancourt, el canal noticioso franc\u00e9s I-T\u00e9l\u00e9 pregunt\u00f3 a la ex candidata presidencial [&hellip;]<\/p>\n","protected":false},"author":13240,"featured_media":58671,"comment_status":"open","ping_status":"open","sticky":false,"template":"","format":"standard","meta":{"footnotes":""},"categories":[50,40,43],"tags":[],"class_list":["post-58670","post","type-post","status-publish","format-standard","has-post-thumbnail","hentry","category-colombia","category-internacionales","category-politica"],"_links":{"self":[{"href":"https:\/\/2horizontes.com\/index.php?rest_route=\/wp\/v2\/posts\/58670","targetHints":{"allow":["GET"]}}],"collection":[{"href":"https:\/\/2horizontes.com\/index.php?rest_route=\/wp\/v2\/posts"}],"about":[{"href":"https:\/\/2horizontes.com\/index.php?rest_route=\/wp\/v2\/types\/post"}],"author":[{"embeddable":true,"href":"https:\/\/2horizontes.com\/index.php?rest_route=\/wp\/v2\/users\/13240"}],"replies":[{"embeddable":true,"href":"https:\/\/2horizontes.com\/index.php?rest_route=%2Fwp%2Fv2%2Fcomments&post=58670"}],"version-history":[{"count":1,"href":"https:\/\/2horizontes.com\/index.php?rest_route=\/wp\/v2\/posts\/58670\/revisions"}],"predecessor-version":[{"id":58673,"href":"https:\/\/2horizontes.com\/index.php?rest_route=\/wp\/v2\/posts\/58670\/revisions\/58673"}],"wp:featuredmedia":[{"embeddable":true,"href":"https:\/\/2horizontes.com\/index.php?rest_route=\/wp\/v2\/media\/58671"}],"wp:attachment":[{"href":"https:\/\/2horizontes.com\/index.php?rest_route=%2Fwp%2Fv2%2Fmedia&parent=58670"}],"wp:term":[{"taxonomy":"category","embeddable":true,"href":"https:\/\/2horizontes.com\/index.php?rest_route=%2Fwp%2Fv2%2Fcategories&post=58670"},{"taxonomy":"post_tag","embeddable":true,"href":"https:\/\/2horizontes.com\/index.php?rest_route=%2Fwp%2Fv2%2Ftags&post=58670"}],"curies":[{"name":"wp","href":"https:\/\/api.w.org\/{rel}","templated":true}]}}