{"id":58662,"date":"2016-10-07T14:18:24","date_gmt":"2016-10-07T13:18:24","guid":{"rendered":"http:\/\/2horizontes.com\/?p=58662"},"modified":"2016-10-07T14:18:24","modified_gmt":"2016-10-07T13:18:24","slug":"juan-manuel-santos-este-premio-no-es-para-mi-sino-para-las-victimas-del-conflicto","status":"publish","type":"post","link":"https:\/\/2horizontes.com\/?p=58662","title":{"rendered":"Juan Manuel Santos: \u201cEste premio no es para m\u00ed sino para las v\u00edctimas del conflicto\u201d"},"content":{"rendered":"<div class=\"mce-body mce\">\n<p>El presidente de Colombia, Juan Manuel Santos, expres\u00f3 que el Premio Nobel de la Paz que recibi\u00f3 no es para \u00e9l sino para todas las v\u00edctimas del conflicto entre las Fuerzas Armada Revolucionarias de Colombia (FARC) y el Estado neogranadino.<\/p>\n<p>\u201cEsta honrosa distinci\u00f3n no es para m\u00ed sino para las v\u00edctimas. Queremos que no haya ni un solo muerto m\u00e1s, lo \u00fanico que queremos es que culmine este proceso para comenzar a construir una paz estable y duradera\u201d, declar\u00f3 el mandatario en una alocuci\u00f3n este viernes por la ma\u00f1ana.<\/p>\n<p>Santos asever\u00f3 que el reconocimiento lo recibe con gran humildad y lo considera \u201cun mandato para seguir trabajando sin descanso por la paz\u201d.<\/p>\n<p>\u201cEste premio tambi\u00e9n es un tributo a todas aquellas personas que contribuyeron lograr que estemos a punto de llegar a esta paz tan anhelada\u201d, declar\u00f3.<\/p>\n<p>Este viernes, el Comit\u00e9 Nobel de Noruega anunci\u00f3 que le entregaba el premio al mandatario colombiano por sus esfuerzos por llevar la paz a su pa\u00eds tras 52 a\u00f1os de conflicto armado entre el gobierno neogranadino y el grupo armado.<\/p>\n<\/div>\n","protected":false},"excerpt":{"rendered":"<p>El presidente de Colombia, Juan Manuel Santos, expres\u00f3 que el Premio Nobel de la Paz que recibi\u00f3 no es para \u00e9l sino para todas las v\u00edctimas del conflicto entre las Fuerzas Armada Revolucionarias de Colombia (FARC) y el Estado neogranadino. \u201cEsta honrosa distinci\u00f3n no es para m\u00ed sino para las v\u00edctimas. Queremos que no haya [&hellip;]<\/p>\n","protected":false},"author":13240,"featured_media":58665,"comment_status":"open","ping_status":"open","sticky":false,"template":"","format":"standard","meta":{"footnotes":""},"categories":[50,40,43],"tags":[],"class_list":["post-58662","post","type-post","status-publish","format-standard","has-post-thumbnail","hentry","category-colombia","category-internacionales","category-politica"],"_links":{"self":[{"href":"https:\/\/2horizontes.com\/index.php?rest_route=\/wp\/v2\/posts\/58662","targetHints":{"allow":["GET"]}}],"collection":[{"href":"https:\/\/2horizontes.com\/index.php?rest_route=\/wp\/v2\/posts"}],"about":[{"href":"https:\/\/2horizontes.com\/index.php?rest_route=\/wp\/v2\/types\/post"}],"author":[{"embeddable":true,"href":"https:\/\/2horizontes.com\/index.php?rest_route=\/wp\/v2\/users\/13240"}],"replies":[{"embeddable":true,"href":"https:\/\/2horizontes.com\/index.php?rest_route=%2Fwp%2Fv2%2Fcomments&post=58662"}],"version-history":[{"count":1,"href":"https:\/\/2horizontes.com\/index.php?rest_route=\/wp\/v2\/posts\/58662\/revisions"}],"predecessor-version":[{"id":58666,"href":"https:\/\/2horizontes.com\/index.php?rest_route=\/wp\/v2\/posts\/58662\/revisions\/58666"}],"wp:featuredmedia":[{"embeddable":true,"href":"https:\/\/2horizontes.com\/index.php?rest_route=\/wp\/v2\/media\/58665"}],"wp:attachment":[{"href":"https:\/\/2horizontes.com\/index.php?rest_route=%2Fwp%2Fv2%2Fmedia&parent=58662"}],"wp:term":[{"taxonomy":"category","embeddable":true,"href":"https:\/\/2horizontes.com\/index.php?rest_route=%2Fwp%2Fv2%2Fcategories&post=58662"},{"taxonomy":"post_tag","embeddable":true,"href":"https:\/\/2horizontes.com\/index.php?rest_route=%2Fwp%2Fv2%2Ftags&post=58662"}],"curies":[{"name":"wp","href":"https:\/\/api.w.org\/{rel}","templated":true}]}}