{"id":58589,"date":"2016-10-05T21:01:20","date_gmt":"2016-10-05T20:01:20","guid":{"rendered":"http:\/\/2horizontes.com\/?p=58589"},"modified":"2016-10-05T21:06:26","modified_gmt":"2016-10-05T20:06:26","slug":"cine-venezolano-estrenara-en-noviembre-tamara-la-pelicula-sobre-la-vida-de-transgeneros","status":"publish","type":"post","link":"https:\/\/2horizontes.com\/?p=58589","title":{"rendered":"Cine venezolano estrenar\u00e1 en noviembre Tamara, la pel\u00edcula sobre la vida de transg\u00e9neros"},"content":{"rendered":"<p>El 4 de noviembre estrenar\u00e1 en las salas de cine de todo el pa\u00eds la pel\u00edcula que tocar\u00e1 la historia de Tamara Adri\u00e1n, la primera diputada transg\u00e9nero elegida en Venezuela y Latinoam\u00e9rica. El largometraje fue dirigido por Elia K. Schneidery y protagonizado por Luis Fern\u00e1ndez.<\/p>\n<p>\u201cNo es la vida de la pol\u00edtica Tamara Adri\u00e1n, es un sincretismo y est\u00e1 inspirada en la vidas de varias personas transg\u00e9nero en Venezuela, Estados Unidos, Latinoam\u00e9rica y Europa, a quienes entrevist\u00e9 para hacer esta pel\u00edcula\u201d, dijo Schneider.<\/p>\n<p>La directora acot\u00f3 que los hechos son reales y cada detalle fue investigado con seriedad. \u201cObviamente Tamara Adri\u00e1n, que es una singular e incansable luchadora por los derechos humanos, fue un apoyo muy importante, m\u00e1s ahora que fue elegida diputada\u201d, a\u00f1adi\u00f3.<\/p>\n<p>La pel\u00edcula tuvo un preestreno en Estados Unidos. En ella participaron los actores: Prakriti Maduro, Karina Vel\u00e1squez, Mim\u00ed Lazo, Julie Restifo, Carlota Sosa, Jhovana Lozada, Alberto Alifa, Gerardo Blanco, Tamara Adri\u00e1n, Samantha Dagnino, Laureano Olivarez, Guillermo Londo\u00f1o y Leandro Arvelo.<\/p>\n<p>\u201cSe trata de una pel\u00edcula con la que el cine venezolano vuelve a abordar temas sociales y humanos frente a los cuales a\u00fan existe mucho desconocimiento, insensibilidad y rechazo\u201d, dijo el cr\u00edtico de cine Juan Carlos Arciniegas, seg\u00fan rese\u00f1\u00f3 <em>La Verdad<\/em> en su porta web.<\/p>\n","protected":false},"excerpt":{"rendered":"<p>El 4 de noviembre estrenar\u00e1 en las salas de cine de todo el pa\u00eds la pel\u00edcula que tocar\u00e1 la historia de Tamara Adri\u00e1n, la primera diputada transg\u00e9nero elegida en Venezuela y Latinoam\u00e9rica. El largometraje fue dirigido por Elia K. Schneidery y protagonizado por Luis Fern\u00e1ndez. \u201cNo es la vida de la pol\u00edtica Tamara Adri\u00e1n, es [&hellip;]<\/p>\n","protected":false},"author":13240,"featured_media":58591,"comment_status":"open","ping_status":"open","sticky":false,"template":"","format":"standard","meta":{"footnotes":""},"categories":[1,40,57,48],"tags":[],"class_list":["post-58589","post","type-post","status-publish","format-standard","has-post-thumbnail","hentry","category-entretenimiento","category-internacionales","category-mundo-gay","category-venezuela"],"_links":{"self":[{"href":"https:\/\/2horizontes.com\/index.php?rest_route=\/wp\/v2\/posts\/58589","targetHints":{"allow":["GET"]}}],"collection":[{"href":"https:\/\/2horizontes.com\/index.php?rest_route=\/wp\/v2\/posts"}],"about":[{"href":"https:\/\/2horizontes.com\/index.php?rest_route=\/wp\/v2\/types\/post"}],"author":[{"embeddable":true,"href":"https:\/\/2horizontes.com\/index.php?rest_route=\/wp\/v2\/users\/13240"}],"replies":[{"embeddable":true,"href":"https:\/\/2horizontes.com\/index.php?rest_route=%2Fwp%2Fv2%2Fcomments&post=58589"}],"version-history":[{"count":1,"href":"https:\/\/2horizontes.com\/index.php?rest_route=\/wp\/v2\/posts\/58589\/revisions"}],"predecessor-version":[{"id":58592,"href":"https:\/\/2horizontes.com\/index.php?rest_route=\/wp\/v2\/posts\/58589\/revisions\/58592"}],"wp:featuredmedia":[{"embeddable":true,"href":"https:\/\/2horizontes.com\/index.php?rest_route=\/wp\/v2\/media\/58591"}],"wp:attachment":[{"href":"https:\/\/2horizontes.com\/index.php?rest_route=%2Fwp%2Fv2%2Fmedia&parent=58589"}],"wp:term":[{"taxonomy":"category","embeddable":true,"href":"https:\/\/2horizontes.com\/index.php?rest_route=%2Fwp%2Fv2%2Fcategories&post=58589"},{"taxonomy":"post_tag","embeddable":true,"href":"https:\/\/2horizontes.com\/index.php?rest_route=%2Fwp%2Fv2%2Ftags&post=58589"}],"curies":[{"name":"wp","href":"https:\/\/api.w.org\/{rel}","templated":true}]}}