{"id":58585,"date":"2016-10-05T18:18:42","date_gmt":"2016-10-05T17:18:42","guid":{"rendered":"http:\/\/2horizontes.com\/?p=58585"},"modified":"2016-10-05T18:18:42","modified_gmt":"2016-10-05T17:18:42","slug":"dos-policias-de-bruselas-fueron-apunalados-en-presunto-ataque-terrorista","status":"publish","type":"post","link":"https:\/\/2horizontes.com\/?p=58585","title":{"rendered":"Dos polic\u00edas de Bruselas fueron apu\u00f1alados en presunto ataque terrorista"},"content":{"rendered":"<p><strong>(CNN) &#8211; <\/strong>Dos polic\u00edas fueron apu\u00f1alados este mi\u00e9rcoles en el distrito de Schaarbeek en Bruselas, seg\u00fan la oficina de la Fiscal\u00eda.<br \/>\n<span id=\"more-326607\"><\/span><br \/>\nLos ataques est\u00e1n siendo tratados como presuntos actos terroristas, le dijo el vocero a CNN.<\/p>\n<p>El hecho se produjo en la tarde y otro de los polic\u00edas que estaba en el lugar pudo controlar al atacante y le dispar\u00f3 en la pierna.<\/p>\n<div class=\"ym-wrapper\">\u00a0Los dos polic\u00edas heridos se encuentran fuera de peligro, as\u00ed como el atacante, identificado como Hicham D, belga, nacido en abril de 1973.<\/div>\n","protected":false},"excerpt":{"rendered":"<p>(CNN) &#8211; Dos polic\u00edas fueron apu\u00f1alados este mi\u00e9rcoles en el distrito de Schaarbeek en Bruselas, seg\u00fan la oficina de la Fiscal\u00eda. Los ataques est\u00e1n siendo tratados como presuntos actos terroristas, le dijo el vocero a CNN. El hecho se produjo en la tarde y otro de los polic\u00edas que estaba en el lugar pudo controlar [&hellip;]<\/p>\n","protected":false},"author":7,"featured_media":58586,"comment_status":"open","ping_status":"open","sticky":false,"template":"","format":"standard","meta":{"footnotes":""},"categories":[86,40],"tags":[],"class_list":["post-58585","post","type-post","status-publish","format-standard","has-post-thumbnail","hentry","category-europa","category-internacionales"],"_links":{"self":[{"href":"https:\/\/2horizontes.com\/index.php?rest_route=\/wp\/v2\/posts\/58585","targetHints":{"allow":["GET"]}}],"collection":[{"href":"https:\/\/2horizontes.com\/index.php?rest_route=\/wp\/v2\/posts"}],"about":[{"href":"https:\/\/2horizontes.com\/index.php?rest_route=\/wp\/v2\/types\/post"}],"author":[{"embeddable":true,"href":"https:\/\/2horizontes.com\/index.php?rest_route=\/wp\/v2\/users\/7"}],"replies":[{"embeddable":true,"href":"https:\/\/2horizontes.com\/index.php?rest_route=%2Fwp%2Fv2%2Fcomments&post=58585"}],"version-history":[{"count":1,"href":"https:\/\/2horizontes.com\/index.php?rest_route=\/wp\/v2\/posts\/58585\/revisions"}],"predecessor-version":[{"id":58587,"href":"https:\/\/2horizontes.com\/index.php?rest_route=\/wp\/v2\/posts\/58585\/revisions\/58587"}],"wp:featuredmedia":[{"embeddable":true,"href":"https:\/\/2horizontes.com\/index.php?rest_route=\/wp\/v2\/media\/58586"}],"wp:attachment":[{"href":"https:\/\/2horizontes.com\/index.php?rest_route=%2Fwp%2Fv2%2Fmedia&parent=58585"}],"wp:term":[{"taxonomy":"category","embeddable":true,"href":"https:\/\/2horizontes.com\/index.php?rest_route=%2Fwp%2Fv2%2Fcategories&post=58585"},{"taxonomy":"post_tag","embeddable":true,"href":"https:\/\/2horizontes.com\/index.php?rest_route=%2Fwp%2Fv2%2Ftags&post=58585"}],"curies":[{"name":"wp","href":"https:\/\/api.w.org\/{rel}","templated":true}]}}