{"id":58556,"date":"2016-10-04T19:08:25","date_gmt":"2016-10-04T18:08:25","guid":{"rendered":"http:\/\/2horizontes.com\/?p=58556"},"modified":"2016-10-04T19:08:25","modified_gmt":"2016-10-04T18:08:25","slug":"el-papa-rezo-en-amatrice-por-las-victimas-del-terremoto","status":"publish","type":"post","link":"https:\/\/2horizontes.com\/?p=58556","title":{"rendered":"El papa rez\u00f3 en Amatrice por las v\u00edctimas del terremoto"},"content":{"rendered":"<p><strong>(CNN Espa\u00f1ol) &#8211; <\/strong>El papa Francisco lleg\u00f3 de sorpresa a Amatrice, en Italia, para rezar por las v\u00edctimas del terremoto este martes.<br \/>\n<span id=\"more-326318\"><\/span><br \/>\nAl menos 290 personas murieron en por el terremoto de magnitud 6,2 grados que sacudi\u00f3 la zona central de Italia el pasado 24 de agosto. Amatrice fue una de las zonas m\u00e1s afectadas.<\/p>\n<p>El pont\u00edfice se reuni\u00f3 con los damnificados y familiares de las v\u00edctimas y recorri\u00f3 algunas calles de la ciudad devastada por el terremoto, seg\u00fan reporta el Vaticana.<\/p>\n<div class=\"ym-wrapper\"><\/div>\n<p>Visit\u00f3 la recientemente reconstruida escuela Capranica donde visit\u00f3 a los ni\u00f1os que le dieron dibujos que hicieron para \u00e9l.<\/p>\n<p>\u00abEl papa los abraz\u00f3 uno a uno y escuch\u00f3 sus historias sobre el mortal terremoto de Amatrice\u00bb, afirma Radio Vaticana.<\/p>\n<p>\u00abPens\u00e9 mucho que en los primeros d\u00edas despu\u00e9s de la tragedia mi visita ser\u00eda quiz\u00e1 m\u00e1s una molestia que una ayuda. No quer\u00eda molestar as\u00ed que dej\u00e9 que pasara el tiempo y que algunas cosas pudieran resolverse, como la escuela. Pero desde el primer momento, sent\u00ed que ten\u00eda venir a ustedes. S\u00f3lo para expresar mi cercan\u00eda y nada m\u00e1s. Y para rezar, rezar por ustedes\u00bb, dijo el pont\u00edfice seg\u00fan reporta Radio Varticana.<\/p>\n<p>Francisco recorri\u00f3 el centro de la ciudad y se detuvo por algunos minutos para rezar.<\/p>\n<p>\u00ab(S\u00e9) sobre sus seres queridos que murieron y estoy con ustedes por esa raz\u00f3n y quer\u00eda estar aqu\u00ed hoy &#8230; ll\u00e9nense de coraje y siempre mu\u00e9vanse hacia adelante. Los tiempos cambian y es posible avanzar. Estoy con ustedes, estoy junto a ustedes\u00bb, le dijo el papa a los habitantes de Amatrice.<\/p>\n","protected":false},"excerpt":{"rendered":"<p>(CNN Espa\u00f1ol) &#8211; El papa Francisco lleg\u00f3 de sorpresa a Amatrice, en Italia, para rezar por las v\u00edctimas del terremoto este martes. Al menos 290 personas murieron en por el terremoto de magnitud 6,2 grados que sacudi\u00f3 la zona central de Italia el pasado 24 de agosto. Amatrice fue una de las zonas m\u00e1s afectadas. [&hellip;]<\/p>\n","protected":false},"author":7,"featured_media":58557,"comment_status":"open","ping_status":"open","sticky":false,"template":"","format":"standard","meta":{"footnotes":""},"categories":[40],"tags":[],"class_list":["post-58556","post","type-post","status-publish","format-standard","has-post-thumbnail","hentry","category-internacionales"],"_links":{"self":[{"href":"https:\/\/2horizontes.com\/index.php?rest_route=\/wp\/v2\/posts\/58556","targetHints":{"allow":["GET"]}}],"collection":[{"href":"https:\/\/2horizontes.com\/index.php?rest_route=\/wp\/v2\/posts"}],"about":[{"href":"https:\/\/2horizontes.com\/index.php?rest_route=\/wp\/v2\/types\/post"}],"author":[{"embeddable":true,"href":"https:\/\/2horizontes.com\/index.php?rest_route=\/wp\/v2\/users\/7"}],"replies":[{"embeddable":true,"href":"https:\/\/2horizontes.com\/index.php?rest_route=%2Fwp%2Fv2%2Fcomments&post=58556"}],"version-history":[{"count":1,"href":"https:\/\/2horizontes.com\/index.php?rest_route=\/wp\/v2\/posts\/58556\/revisions"}],"predecessor-version":[{"id":58558,"href":"https:\/\/2horizontes.com\/index.php?rest_route=\/wp\/v2\/posts\/58556\/revisions\/58558"}],"wp:featuredmedia":[{"embeddable":true,"href":"https:\/\/2horizontes.com\/index.php?rest_route=\/wp\/v2\/media\/58557"}],"wp:attachment":[{"href":"https:\/\/2horizontes.com\/index.php?rest_route=%2Fwp%2Fv2%2Fmedia&parent=58556"}],"wp:term":[{"taxonomy":"category","embeddable":true,"href":"https:\/\/2horizontes.com\/index.php?rest_route=%2Fwp%2Fv2%2Fcategories&post=58556"},{"taxonomy":"post_tag","embeddable":true,"href":"https:\/\/2horizontes.com\/index.php?rest_route=%2Fwp%2Fv2%2Ftags&post=58556"}],"curies":[{"name":"wp","href":"https:\/\/api.w.org\/{rel}","templated":true}]}}