{"id":5850,"date":"2015-05-05T21:59:53","date_gmt":"2015-05-05T20:59:53","guid":{"rendered":"http:\/\/2horizontes.com\/?p=5850"},"modified":"2015-05-05T21:59:53","modified_gmt":"2015-05-05T20:59:53","slug":"el-etarra-jose-luis-erostegui-bidaguren-condenado-a-17-anos-de-carcel-por-el-asesinato-de-un-guardia-civil","status":"publish","type":"post","link":"https:\/\/2horizontes.com\/?p=5850","title":{"rendered":"El etarra Jos\u00e9 Luis Erostegui Bidaguren condenado a 17 a\u00f1os de c\u00e1rcel por el asesinato de un guardia civil"},"content":{"rendered":"<p>La Audiencia Nacional ha condenado a 17 a\u00f1os de c\u00e1rcel al etarra\u00a0Jos\u00e9 Luis Erostegui Bidaguren, compa\u00f1ero del fallecido Josu Uribetxerria Bolinaga en el \u00abcomando Bellotxa\u00bb, por el asesinato del cabo primero de la guardia civil Antonio Ramos Ram\u00edrez el 8 de junio de 1986 en Mondrag\u00f3n. Otro compa\u00f1ero, Javier Ugarte Villar ha sido absuelto por no quedar acreditada su participaci\u00f3n en este atentado.<\/p>\n<p><!--more--><\/p>\n<p>La Secci\u00f3n Tercera de la Sala de lo Penal de la Audiencia Nacional considera a Erostegui Bidaguren autor de un delito de atentado con resultado de muerte con la atenuante muy cualificada de dilaciones indebidas y le condena a 17 a\u00f1os de reclusi\u00f3n menor. Adem\u00e1s, deber\u00e1 indemnizar los herederos de la v\u00edctima con 500.000 euros y con 200.000 m\u00e1s a uno de sus hijos por las secuelas sufridas por la situaci\u00f3n traum\u00e1tica vivida por el asesinato de su padre, as\u00ed como con 123.000 euros por los da\u00f1os causados en el veh\u00edculo de su propiedad.<\/p>\n<p>La sentencia declara probado que los dos acusados, ya condenados por pertenencia a ETA, formaban parte del \u00abcomando Bellotxa&#8217;, que entre 1983 y 1987 ten\u00eda como objetivo atentar contra miembros de las Fuerzas y Cuerpos de Seguridad del Estado, en especial miembros de la Guardia Civil destinados en Euskadi. Erostegui y Ugarte fueron detenidos el 1 de julio de 1997 en la operaci\u00f3n de la Guardia Civil que acab\u00f3 con el secuestro del funcionario de prisiones Jos\u00e9 Antonio Ortega Lara, hechos por los que ya han sido condenados.<\/p>\n<p>La Fiscal\u00eda ped\u00eda en el asesinato de Ramos Ram\u00edrez 29 a\u00f1os de c\u00e1rcel para los tres miembros del \u00abcomando Bellotxa\u00bb, pero Bolinaga falleci\u00f3 el pasado 16 de enero. Seg\u00fan la sentencia, Erostegui en compa\u00f1\u00eda de otro miembro del comando abord\u00f3 al cabo de la Guardia Civil la noche del 8 de junio de 1986 cuando este se introduc\u00eda en el interior de un veh\u00edculo, tiroteandole y causandole heridas de gravedad que le provocaron la muerte durante su traslado al Hospital del Alto Deba. El agente dispar\u00f3 al menos en cinco ocasiones con su arma para intentar repeler la agresi\u00f3n.<\/p>\n<p>El fallo rechaza que los hechos se encuentren prescritos y valora las declaraciones incriminando a Erostegui de los etarras Jos\u00e9 Miguel Gaztelu y Xabin Usandizaga, ya que aunque las critica, estima que se han visto corroboradas por otros datos objetivos externos, como que a pistola del atentado fue la utilizada anteriormente en el crimen del guardia civil Mario Leal, aseisnato \u00e9ste por el que ya ha sido condenado Erostegui. Por contra, no ha quedado acreditada la participaci\u00f3n en el atentado de Ugarte, lo que lleva \u00abindefectiblemente\u00bb a su absoluci\u00f3n.<\/p>\n","protected":false},"excerpt":{"rendered":"<p>La Audiencia Nacional ha condenado a 17 a\u00f1os de c\u00e1rcel al etarra\u00a0Jos\u00e9 Luis Erostegui Bidaguren, compa\u00f1ero del fallecido Josu Uribetxerria Bolinaga en el \u00abcomando Bellotxa\u00bb, por el asesinato del cabo primero de la guardia civil Antonio Ramos Ram\u00edrez el 8 de junio de 1986 en Mondrag\u00f3n. Otro compa\u00f1ero, Javier Ugarte Villar ha sido absuelto por [&hellip;]<\/p>\n","protected":false},"author":2,"featured_media":5855,"comment_status":"open","ping_status":"open","sticky":false,"template":"","format":"standard","meta":{"footnotes":""},"categories":[85],"tags":[],"class_list":["post-5850","post","type-post","status-publish","format-standard","has-post-thumbnail","hentry","category-espana"],"_links":{"self":[{"href":"https:\/\/2horizontes.com\/index.php?rest_route=\/wp\/v2\/posts\/5850","targetHints":{"allow":["GET"]}}],"collection":[{"href":"https:\/\/2horizontes.com\/index.php?rest_route=\/wp\/v2\/posts"}],"about":[{"href":"https:\/\/2horizontes.com\/index.php?rest_route=\/wp\/v2\/types\/post"}],"author":[{"embeddable":true,"href":"https:\/\/2horizontes.com\/index.php?rest_route=\/wp\/v2\/users\/2"}],"replies":[{"embeddable":true,"href":"https:\/\/2horizontes.com\/index.php?rest_route=%2Fwp%2Fv2%2Fcomments&post=5850"}],"version-history":[{"count":1,"href":"https:\/\/2horizontes.com\/index.php?rest_route=\/wp\/v2\/posts\/5850\/revisions"}],"predecessor-version":[{"id":5856,"href":"https:\/\/2horizontes.com\/index.php?rest_route=\/wp\/v2\/posts\/5850\/revisions\/5856"}],"wp:featuredmedia":[{"embeddable":true,"href":"https:\/\/2horizontes.com\/index.php?rest_route=\/wp\/v2\/media\/5855"}],"wp:attachment":[{"href":"https:\/\/2horizontes.com\/index.php?rest_route=%2Fwp%2Fv2%2Fmedia&parent=5850"}],"wp:term":[{"taxonomy":"category","embeddable":true,"href":"https:\/\/2horizontes.com\/index.php?rest_route=%2Fwp%2Fv2%2Fcategories&post=5850"},{"taxonomy":"post_tag","embeddable":true,"href":"https:\/\/2horizontes.com\/index.php?rest_route=%2Fwp%2Fv2%2Ftags&post=5850"}],"curies":[{"name":"wp","href":"https:\/\/api.w.org\/{rel}","templated":true}]}}