{"id":58474,"date":"2016-10-03T14:49:12","date_gmt":"2016-10-03T13:49:12","guid":{"rendered":"http:\/\/2horizontes.com\/?p=58474"},"modified":"2016-10-03T14:49:12","modified_gmt":"2016-10-03T13:49:12","slug":"la-pobreza-extrema-en-el-mundo-sigue-bajando-pero-puede-persistir-en-2030","status":"publish","type":"post","link":"https:\/\/2horizontes.com\/?p=58474","title":{"rendered":"La pobreza extrema en el mundo sigue bajando, pero puede persistir en 2030"},"content":{"rendered":"<div id=\"ArticleAuthorDiv\" class=\"article-body-author\"><b>EFE<\/b><\/div>\n<div id=\"ArticleSourceDiv\" class=\"article-body-author\"><b>Washington<\/b><\/div>\n<div id=\"ArticleBody\">\n<p>El n\u00famero de personas que viven en condiciones de pobreza extrema en el mundo se redujo pese a la crisis econ\u00f3mica global, aunque los altos niveles de desigualdad podr\u00edan no permitir acabar con ella antes de 2030, seg\u00fan un informe publicado ayer por el Banco Mundial (BM).<\/p>\n<p>El informe, titulado \u00abPobreza y Prosperidad Compartida\u00bb y que analiza datos hasta 2013, indica que en ese a\u00f1o 800 millones de personas subsistieron con menos de 1,90 d\u00f3lares al d\u00eda, 100 millones menos que en 2012.<\/p>\n<p>La fuerte reducci\u00f3n de la pobreza extrema se dio pese a los coletazos de la crisis econ\u00f3mica mundial, especialmente por la mejora en China, Indonesia y la India.<\/p>\n<p>\u00c1frica subsahariana, donde reside la mitad de aquellos que viven en condiciones de pobreza extrema, sigue siendo la regi\u00f3n m\u00e1s afectada, seguida de Asia meridional, con un tercio de todos los habitantes del planeta en condiciones de pobreza extrema.<\/p>\n<p>Seg\u00fan las cifras del Banco Mundial, para 2013 un 50,7 % de los pobres viv\u00eda en los pa\u00edses del \u00c1frica subsahariana, un 33,4 % en los del sur de Asia, un 9,3 por ciento en los del este de Asia y el Pac\u00edfico, un 4,4 % en Latinoam\u00e9rica y el Caribe, y un 1,4 % en los de Europa del este y Asia central.<\/p>\n<p>\u00abEs extraordinario que los pa\u00edses hayan seguido reduciendo la pobreza e impulsando la prosperidad compartida en una \u00e9poca en la que el desempe\u00f1o de la econom\u00eda mundial es deficiente\u00bb, explic\u00f3 en una declaraci\u00f3n el presidente del BM, Jim Yong Kim, quien, no obstante, record\u00f3 que a\u00fan muchos viven con m\u00ednimos recursos.<\/p>\n<p>Pese a los avances, el BM recuerda que ser\u00e1n necesarias medidas para reducir la desigualdad si se quiere cumplir con los Objetivos de Desarrollo Sostenible de las Naciones Unidas, que contemplan el fin de la pobreza para 2030.<\/p>\n<p>El informe pide no caer \u00aben un exceso de confianza\u00bb debido a que en 34 de los 86 pa\u00edses analizados los ingresos del 60 % m\u00e1s rico aumentaron m\u00e1s r\u00e1pido que los del 40 % m\u00e1s pobre, lo que implica m\u00e1s desigualdad.<\/p>\n<p>Adem\u00e1s, en 23 pa\u00edses los ingresos del 40 % de la poblaci\u00f3n m\u00e1s pobre disminuyeron en t\u00e9rminos absolutos.<\/p>\n<p>El estudio destaca los ejemplos de reducci\u00f3n de la pobreza en Brasil, Per\u00fa, Mali, Camboya y Tanzania.<\/p>\n<p>Los pa\u00edses m\u00e1s afectados por la reducci\u00f3n de los ingresos del 40 % m\u00e1s pobre entre 2008 y 2013 se encuentran en Europa del Este o son miembros de la Uni\u00f3n Europea (UE), como Grecia, Irlanda, Italia, Luxemburgo, Portugal, Espa\u00f1a o Dinamarca.<\/p>\n<p>Con la salvedad de Honduras, la situaci\u00f3n en Latinoam\u00e9rica mejor\u00f3, del modo similar a como lo hizo en el \u00c1frica Subsahariana o Asia.<\/p>\n<p>Am\u00e9rica Latina y el Caribe, una regi\u00f3n de \u00abelevada desigualdad\u00bb, ha logrado desde 2003 \u00abun progreso sostenido considerable\u00bb en su reducci\u00f3n, asegura el organismo multilateral, que recuerda, no obstante, que estas mejoras han tenido lugar \u00abdespu\u00e9s de un aumento prolongado\u00bb de ese problema durante las d\u00e9cadas de 1980 y 1990.<\/p>\n<p>\u00abPor lo tanto -agrega-, el progreso a largo plazo en la reducci\u00f3n de la desigualdad en Am\u00e9rica Latina ha sido limitado, y de hecho, la reciente tendencia a la baja parece haberse frenado\u00bb.<\/p>\n<p>El BM recomienda invertir en desarrollo de la infancia, cobertura sanitaria, educaci\u00f3n, programas de microfinanzas y de mejora de las infraestructuras rurales.<\/p>\n<\/div>\n","protected":false},"excerpt":{"rendered":"<p>EFE Washington El n\u00famero de personas que viven en condiciones de pobreza extrema en el mundo se redujo pese a la crisis econ\u00f3mica global, aunque los altos niveles de desigualdad podr\u00edan no permitir acabar con ella antes de 2030, seg\u00fan un informe publicado ayer por el Banco Mundial (BM). El informe, titulado \u00abPobreza y Prosperidad [&hellip;]<\/p>\n","protected":false},"author":7,"featured_media":58475,"comment_status":"open","ping_status":"open","sticky":false,"template":"","format":"standard","meta":{"footnotes":""},"categories":[40],"tags":[],"class_list":["post-58474","post","type-post","status-publish","format-standard","has-post-thumbnail","hentry","category-internacionales"],"_links":{"self":[{"href":"https:\/\/2horizontes.com\/index.php?rest_route=\/wp\/v2\/posts\/58474","targetHints":{"allow":["GET"]}}],"collection":[{"href":"https:\/\/2horizontes.com\/index.php?rest_route=\/wp\/v2\/posts"}],"about":[{"href":"https:\/\/2horizontes.com\/index.php?rest_route=\/wp\/v2\/types\/post"}],"author":[{"embeddable":true,"href":"https:\/\/2horizontes.com\/index.php?rest_route=\/wp\/v2\/users\/7"}],"replies":[{"embeddable":true,"href":"https:\/\/2horizontes.com\/index.php?rest_route=%2Fwp%2Fv2%2Fcomments&post=58474"}],"version-history":[{"count":1,"href":"https:\/\/2horizontes.com\/index.php?rest_route=\/wp\/v2\/posts\/58474\/revisions"}],"predecessor-version":[{"id":58476,"href":"https:\/\/2horizontes.com\/index.php?rest_route=\/wp\/v2\/posts\/58474\/revisions\/58476"}],"wp:featuredmedia":[{"embeddable":true,"href":"https:\/\/2horizontes.com\/index.php?rest_route=\/wp\/v2\/media\/58475"}],"wp:attachment":[{"href":"https:\/\/2horizontes.com\/index.php?rest_route=%2Fwp%2Fv2%2Fmedia&parent=58474"}],"wp:term":[{"taxonomy":"category","embeddable":true,"href":"https:\/\/2horizontes.com\/index.php?rest_route=%2Fwp%2Fv2%2Fcategories&post=58474"},{"taxonomy":"post_tag","embeddable":true,"href":"https:\/\/2horizontes.com\/index.php?rest_route=%2Fwp%2Fv2%2Ftags&post=58474"}],"curies":[{"name":"wp","href":"https:\/\/api.w.org\/{rel}","templated":true}]}}