{"id":58468,"date":"2016-10-03T14:28:26","date_gmt":"2016-10-03T13:28:26","guid":{"rendered":"http:\/\/2horizontes.com\/?p=58468"},"modified":"2016-10-03T14:28:26","modified_gmt":"2016-10-03T13:28:26","slug":"colombianos-dicen-no-al-acuerdo-de-paz","status":"publish","type":"post","link":"https:\/\/2horizontes.com\/?p=58468","title":{"rendered":"Colombianos dicen no al acuerdo de paz"},"content":{"rendered":"<div id=\"ArticleAuthorDiv\" class=\"article-body-author\"><b>EFE<\/b><\/div>\n<div id=\"ArticleSourceDiv\" class=\"article-body-author\"><b>Madrid<\/b><\/div>\n<div id=\"ArticleBody\">\n<p>El presidente de Colombia, Juan Manuel Santos, reconoci\u00f3 ayer la victoria del \u201cno\u201d en el plebiscito sobre el acuerdo de paz firmado con la guerrilla de las FARC y dijo que con este resultado \u201cse abre una nueva realidad pol\u00edtica\u201d que es una \u201coportunidad\u201d para el pa\u00eds.<\/p>\n<p>En una alocuci\u00f3n en cadena nacional, Santos dijo que en el plebiscito que convoc\u00f3 sobre el acuerdo de paz, \u201cla mayor\u00eda, as\u00ed sea por estrech\u00edsimo margen, ha dicho que \u2018no\u2019. Soy el primero en reconocer este resultado\u201d.<\/p>\n<p>Santos se pronunci\u00f3 despu\u00e9s de que el \u201cno\u201d al acuerdo que firm\u00f3 hace apenas una semana con las FARC se impusiera en las urnas con 6,430,909 votos, un 50.22 %, frente a los 6,374,491 sufragios obtenidos por el \u201cs\u00ed\u201d, que representaron un 49.77 %, con el 99.92 % de las mesas escrutadas.<\/p>\n<p>\u201cComo jefe de Estado soy el garante de la estabilidad de la naci\u00f3n, y esta decisi\u00f3n democr\u00e1tica no debe afectar dicha estabilidad, que voy a garantizar\u201d, sostuvo. Manifest\u00f3 que a pesar del rev\u00e9s sufrido, como presidente conserva \u201cintactas\u201d sus facultades y su \u201cobligaci\u00f3n para mantener el orden p\u00fablico y para buscar y negociar la paz\u201d.<\/p>\n<p>Adem\u00e1s, subray\u00f3 que el \u201cel cese al fuego y de hostilidades bilateral y definitivo\u201d que entr\u00f3 en vigor el pasado 29 de agosto con las FARC \u201csigue vigente, y seguir\u00e1 vigente\u201d.<\/p>\n<p>El gobernante anunci\u00f3 tambi\u00e9n que hoy lunes convocar\u00e1 a \u201ctodas las fuerzas pol\u00edticas, y en particular a las que se manifestaron ayerpor el \u2018no\u2019, para escucharlas, abrir espacios de di\u00e1logo y determinar el camino a seguir\u201d.<\/p>\n<p>\u201cSiempre he cre\u00eddo en el sabio consejo chino de buscar oportunidades en cualquier situaci\u00f3n. Y aqu\u00ed tenemos una oportunidad que se nos abre, con la nueva realidad pol\u00edtica que se manifest\u00f3 a trav\u00e9s del plebiscito\u201d, apunt\u00f3.<\/p>\n<p>Timoshenko<\/p>\n<p>Por su lado, el m\u00e1ximo l\u00edder de las FARC, Timole\u00f3n Jim\u00e9nez, \u201cTimochenko\u201d, afirm\u00f3 ayer en La Habana que esa organizaci\u00f3n mantiene \u201csu voluntad de paz\u201d \u201cy su disposici\u00f3n de usar solamente la palabra como arma de construcci\u00f3n hacia el futuro\u201d. \u201cLas Fuerzas Armadas Revolucionarias de Colombia lamentan profundamente que el poder destructivo de los que siembran odio y rencor haya influido en la opini\u00f3n de la poblaci\u00f3n colombiana\u201d, dijo Timochenko en una primera declaraci\u00f3n tras conocerse la victoria del No.<\/p>\n<p>La guerrilla tiene previsto, tras esta primera reflexi\u00f3n, mantener una reuni\u00f3n para \u201canalizar con calma todos los detalles\u201d del resultado de la consulta popular. \u201cCon el resultado de hoy, sabemos que nuestro reto como movimiento pol\u00edtico es todav\u00eda m\u00e1s grande y nos requiere m\u00e1s fuertes para construir la paz estable y duradera\u201d, asever\u00f3 Timochenko.<\/p>\n<p>Los uribistas<\/p>\n<p>El exvicepresidente colombiano Francisco Santos asegur\u00f3 ayer que el opositor partido Centro Democr\u00e1tico, que lider\u00f3 la campa\u00f1a por el \u201cno\u201d en el plebiscito de la paz, tender\u00e1 la mano al presidente Juan Manuel Santos luego de la derrota de la opci\u00f3n del \u201cs\u00ed\u201d..<\/p>\n<div id=\"FIOnDemandWrapper_fiInstance_101888_11_2716000\" class=\"FIOnDemandWrapper\"><\/div>\n<p>\u201cTenderle la mano al presidente Santos\u201d, dijo Francisco Santos a periodistas al ser preguntado sobre lo que viene despu\u00e9s del resultado electoral de ayer y a\u00f1adi\u00f3 que su partido, liderado por el expresidente \u00c1lvaro Uribe, buscar\u00e1 \u201creconducir el proceso\u201d con las FARC.<\/p>\n<p>Al comentar lo que pasar\u00e1 con los guerrilleros que est\u00e1n concentrados en varios sitios del pa\u00eds para iniciar el proceso de dejaci\u00f3n de armas y desmovilizaci\u00f3n, el exvicepresidente se\u00f1al\u00f3 que se debe \u201cdarle todas las garant\u00edas\u201d.<\/p>\n<p>Igualmente dijo que el Centro Democr\u00e1tico toma el triunfo con \u201cmucha humildad\u201d.<\/p>\n<p>Asimismo reiter\u00f3 que su partido quiere que el proceso de paz llegue \u201ca un buen fin\u201d, por lo que ofreci\u00f3 trabajar con el Gobierno para conseguir ese prop\u00f3sito.<\/p>\n<\/div>\n","protected":false},"excerpt":{"rendered":"<p>EFE Madrid El presidente de Colombia, Juan Manuel Santos, reconoci\u00f3 ayer la victoria del \u201cno\u201d en el plebiscito sobre el acuerdo de paz firmado con la guerrilla de las FARC y dijo que con este resultado \u201cse abre una nueva realidad pol\u00edtica\u201d que es una \u201coportunidad\u201d para el pa\u00eds. En una alocuci\u00f3n en cadena nacional, [&hellip;]<\/p>\n","protected":false},"author":7,"featured_media":58469,"comment_status":"open","ping_status":"open","sticky":false,"template":"","format":"standard","meta":{"footnotes":""},"categories":[50,40,43],"tags":[],"class_list":["post-58468","post","type-post","status-publish","format-standard","has-post-thumbnail","hentry","category-colombia","category-internacionales","category-politica"],"_links":{"self":[{"href":"https:\/\/2horizontes.com\/index.php?rest_route=\/wp\/v2\/posts\/58468","targetHints":{"allow":["GET"]}}],"collection":[{"href":"https:\/\/2horizontes.com\/index.php?rest_route=\/wp\/v2\/posts"}],"about":[{"href":"https:\/\/2horizontes.com\/index.php?rest_route=\/wp\/v2\/types\/post"}],"author":[{"embeddable":true,"href":"https:\/\/2horizontes.com\/index.php?rest_route=\/wp\/v2\/users\/7"}],"replies":[{"embeddable":true,"href":"https:\/\/2horizontes.com\/index.php?rest_route=%2Fwp%2Fv2%2Fcomments&post=58468"}],"version-history":[{"count":1,"href":"https:\/\/2horizontes.com\/index.php?rest_route=\/wp\/v2\/posts\/58468\/revisions"}],"predecessor-version":[{"id":58470,"href":"https:\/\/2horizontes.com\/index.php?rest_route=\/wp\/v2\/posts\/58468\/revisions\/58470"}],"wp:featuredmedia":[{"embeddable":true,"href":"https:\/\/2horizontes.com\/index.php?rest_route=\/wp\/v2\/media\/58469"}],"wp:attachment":[{"href":"https:\/\/2horizontes.com\/index.php?rest_route=%2Fwp%2Fv2%2Fmedia&parent=58468"}],"wp:term":[{"taxonomy":"category","embeddable":true,"href":"https:\/\/2horizontes.com\/index.php?rest_route=%2Fwp%2Fv2%2Fcategories&post=58468"},{"taxonomy":"post_tag","embeddable":true,"href":"https:\/\/2horizontes.com\/index.php?rest_route=%2Fwp%2Fv2%2Ftags&post=58468"}],"curies":[{"name":"wp","href":"https:\/\/api.w.org\/{rel}","templated":true}]}}