{"id":58443,"date":"2016-10-03T09:51:18","date_gmt":"2016-10-03T08:51:18","guid":{"rendered":"http:\/\/2horizontes.com\/?p=58443"},"modified":"2016-10-03T09:51:18","modified_gmt":"2016-10-03T08:51:18","slug":"los-espanoles-creen-que-la-situacion-economica-ira-a-peor","status":"publish","type":"post","link":"https:\/\/2horizontes.com\/?p=58443","title":{"rendered":"Los espa\u00f1oles creen que la situaci\u00f3n econ\u00f3mica ir\u00e1 a peor"},"content":{"rendered":"<p>La confianza de los consumidores ha ca\u00eddo en septiembre y se ha situado 6,3 puntos por debajo de la del mes anterior, hasta los 91 puntos, debido a una peor valoraci\u00f3n tanto de la situaci\u00f3n actual como de las expectativas sobre el futuro, seg\u00fan el Indicador de Confianza de los Consumidores (ICC) elaborado por el CIS. Tal y como explica el estudio, por encima de 100 se indica una percepci\u00f3n positiva de los consumidores y por debajo de 100 una percepci\u00f3n negativa.<\/p>\n<p>Adem\u00e1s, la encuesta que se realiza para elaborar este indicador muestra que el 43% de los entrevistados cree que la situaci\u00f3n actual de la econom\u00eda espa\u00f1ola es peor que hace seis meses, mientras que para un 34,6% es igual y para un 20,7% ha mejorado.<\/p>\n<p>Ya en perspectiva para dentro de seis meses, el 37,5% de los encuestados espera que la situaci\u00f3n de la econom\u00eda espa\u00f1ola empeorar\u00e1, frente a un 32,1% que opina que ir\u00e1 a mejor y un 25,1% que no habr\u00e1 variaciones.<\/p>\n<p>Respecto a la posibilidad de encontrar trabajo dentro de seis meses, el 38,9% de los encuestados es pesimista y prev\u00e9 que ser\u00e1 m\u00e1s dif\u00edcil, ante el 34% que opina que ser\u00e1 m\u00e1s f\u00e1cil.<\/p>\n<p>A la pregunta de c\u00f3mo describen la situaci\u00f3n econ\u00f3mica de su hogar, el 44% dice que \u201cllega justo a final de mes\u201d, pero un 32,4% asegura que puede ahorrar un poco de dinero mensual.<\/p>\n<p>De cara a futuro, el 52,4% de los encuestados cree que la situaci\u00f3n de su hogar ser\u00e1 igual dentro de seis meses, un 24,6% espera que mejore y un 20% teme que vaya a peor.<\/p>\n<p>Peor \u00edndice actual y futuro<\/p>\n<p>En septiembre, el indicativo de situaci\u00f3n actual se ha situado en 91 puntos frente a los 97,3 de agosto y muy por debajo de los 106,1 obtenidos hace un a\u00f1o, en septiembre de 2015.<\/p>\n","protected":false},"excerpt":{"rendered":"<p>La confianza de los consumidores ha ca\u00eddo en septiembre y se ha situado 6,3 puntos por debajo de la del mes anterior, hasta los 91 puntos, debido a una peor valoraci\u00f3n tanto de la situaci\u00f3n actual como de las expectativas sobre el futuro, seg\u00fan el Indicador de Confianza de los Consumidores (ICC) elaborado por el [&hellip;]<\/p>\n","protected":false},"author":3,"featured_media":58444,"comment_status":"open","ping_status":"open","sticky":false,"template":"","format":"standard","meta":{"footnotes":""},"categories":[63,85],"tags":[],"class_list":["post-58443","post","type-post","status-publish","format-standard","has-post-thumbnail","hentry","category-economia","category-espana"],"_links":{"self":[{"href":"https:\/\/2horizontes.com\/index.php?rest_route=\/wp\/v2\/posts\/58443","targetHints":{"allow":["GET"]}}],"collection":[{"href":"https:\/\/2horizontes.com\/index.php?rest_route=\/wp\/v2\/posts"}],"about":[{"href":"https:\/\/2horizontes.com\/index.php?rest_route=\/wp\/v2\/types\/post"}],"author":[{"embeddable":true,"href":"https:\/\/2horizontes.com\/index.php?rest_route=\/wp\/v2\/users\/3"}],"replies":[{"embeddable":true,"href":"https:\/\/2horizontes.com\/index.php?rest_route=%2Fwp%2Fv2%2Fcomments&post=58443"}],"version-history":[{"count":1,"href":"https:\/\/2horizontes.com\/index.php?rest_route=\/wp\/v2\/posts\/58443\/revisions"}],"predecessor-version":[{"id":58445,"href":"https:\/\/2horizontes.com\/index.php?rest_route=\/wp\/v2\/posts\/58443\/revisions\/58445"}],"wp:featuredmedia":[{"embeddable":true,"href":"https:\/\/2horizontes.com\/index.php?rest_route=\/wp\/v2\/media\/58444"}],"wp:attachment":[{"href":"https:\/\/2horizontes.com\/index.php?rest_route=%2Fwp%2Fv2%2Fmedia&parent=58443"}],"wp:term":[{"taxonomy":"category","embeddable":true,"href":"https:\/\/2horizontes.com\/index.php?rest_route=%2Fwp%2Fv2%2Fcategories&post=58443"},{"taxonomy":"post_tag","embeddable":true,"href":"https:\/\/2horizontes.com\/index.php?rest_route=%2Fwp%2Fv2%2Ftags&post=58443"}],"curies":[{"name":"wp","href":"https:\/\/api.w.org\/{rel}","templated":true}]}}