{"id":58440,"date":"2016-10-03T09:48:17","date_gmt":"2016-10-03T08:48:17","guid":{"rendered":"http:\/\/2horizontes.com\/?p=58440"},"modified":"2016-10-03T09:48:17","modified_gmt":"2016-10-03T08:48:17","slug":"seis-ancianos-heridos-en-un-incendio-en-una-residencia-de-barcelona","status":"publish","type":"post","link":"https:\/\/2horizontes.com\/?p=58440","title":{"rendered":"Seis ancianos heridos en un incendio en una residencia de Barcelona"},"content":{"rendered":"<p>Un incendio en el Centro Sociosanitario Sant Jordi de la Vall d\u2019Hebron de Barcelona ocurrido la pasada noche ha causado seis heridos, cinco por inhalaci\u00f3n de humo y otro por quemaduras en el 5% del cuerpo, ha informado a Efe un portavoz del consistorio barcelon\u00e9s.<\/p>\n<p>En total, han sido 34 las personas, residentes y trabajadores, atendidas por inhalaci\u00f3n de humo en el mismo centro geri\u00e1trico, aunque s\u00f3lo las seis personas m\u00e1s afectadas fueron trasladadas a diversos hospitales.<\/p>\n<p>El incendio se inici\u00f3 minutos antes de la una de la madrugada en una habitaci\u00f3n de la tercera planta del centro, que ha quedado muy da\u00f1ada por el fuego. El resto de la planta ha quedado afectada por el humo, ha indicado la misma fuente.<\/p>\n<p>Hasta el lugar del incendio se desplazaron 14 dotaciones de los Bomberos de Barcelona, nueve dotaciones de la Guardia Urbana, cinco de los Mossos d\u2019Esquadra y efectivos del Sistema de Emergencias M\u00e9dicas (SEM).<\/p>\n<p>El Ayuntamiento de Barcelona tambi\u00e9n activ\u00f3 el Servicio de Urgencias y Emergencias Sociales de la capital catalana.<\/p>\n<p>El Centro Sociosanitario Sant Jordi, situado en el n\u00famero 135 del Paseo de la Vall d\u2019Hebron, contin\u00faa funcionando esta ma\u00f1ana, si bien los pacientes de la tercera planta han sido reubicados en otras habitaciones no afectadas por el humo y una decena han sido trasladados a otra residencia del mismo grupo asistencial.<\/p>\n<p>El gerente del centro, Xavier Pujol, ha explicado a TV3 que el fuego fue causado por un paciente que fumaba en el lavabo de su habitaci\u00f3n y que tir\u00f3 la colilla a una papelera, donde prendi\u00f3 el fuego.<\/p>\n<p>Posteriormente, habr\u00eda intentado apagar el fuego \u00e9l mismo con una manta, que tambi\u00e9n se incendi\u00f3, propag\u00e1ndose las llamas por su habitaci\u00f3n.<\/p>\n","protected":false},"excerpt":{"rendered":"<p>Un incendio en el Centro Sociosanitario Sant Jordi de la Vall d\u2019Hebron de Barcelona ocurrido la pasada noche ha causado seis heridos, cinco por inhalaci\u00f3n de humo y otro por quemaduras en el 5% del cuerpo, ha informado a Efe un portavoz del consistorio barcelon\u00e9s. En total, han sido 34 las personas, residentes y trabajadores, [&hellip;]<\/p>\n","protected":false},"author":3,"featured_media":58441,"comment_status":"open","ping_status":"open","sticky":false,"template":"","format":"standard","meta":{"footnotes":""},"categories":[85],"tags":[],"class_list":["post-58440","post","type-post","status-publish","format-standard","has-post-thumbnail","hentry","category-espana"],"_links":{"self":[{"href":"https:\/\/2horizontes.com\/index.php?rest_route=\/wp\/v2\/posts\/58440","targetHints":{"allow":["GET"]}}],"collection":[{"href":"https:\/\/2horizontes.com\/index.php?rest_route=\/wp\/v2\/posts"}],"about":[{"href":"https:\/\/2horizontes.com\/index.php?rest_route=\/wp\/v2\/types\/post"}],"author":[{"embeddable":true,"href":"https:\/\/2horizontes.com\/index.php?rest_route=\/wp\/v2\/users\/3"}],"replies":[{"embeddable":true,"href":"https:\/\/2horizontes.com\/index.php?rest_route=%2Fwp%2Fv2%2Fcomments&post=58440"}],"version-history":[{"count":1,"href":"https:\/\/2horizontes.com\/index.php?rest_route=\/wp\/v2\/posts\/58440\/revisions"}],"predecessor-version":[{"id":58442,"href":"https:\/\/2horizontes.com\/index.php?rest_route=\/wp\/v2\/posts\/58440\/revisions\/58442"}],"wp:featuredmedia":[{"embeddable":true,"href":"https:\/\/2horizontes.com\/index.php?rest_route=\/wp\/v2\/media\/58441"}],"wp:attachment":[{"href":"https:\/\/2horizontes.com\/index.php?rest_route=%2Fwp%2Fv2%2Fmedia&parent=58440"}],"wp:term":[{"taxonomy":"category","embeddable":true,"href":"https:\/\/2horizontes.com\/index.php?rest_route=%2Fwp%2Fv2%2Fcategories&post=58440"},{"taxonomy":"post_tag","embeddable":true,"href":"https:\/\/2horizontes.com\/index.php?rest_route=%2Fwp%2Fv2%2Ftags&post=58440"}],"curies":[{"name":"wp","href":"https:\/\/api.w.org\/{rel}","templated":true}]}}