{"id":58437,"date":"2016-10-03T09:45:19","date_gmt":"2016-10-03T08:45:19","guid":{"rendered":"http:\/\/2horizontes.com\/?p=58437"},"modified":"2016-10-03T09:45:19","modified_gmt":"2016-10-03T08:45:19","slug":"el-papa-dice-que-jesus-no-abandonaria-nunca-a-un-transexual-ni-a-un-homosexual","status":"publish","type":"post","link":"https:\/\/2horizontes.com\/?p=58437","title":{"rendered":"El Papa dice que Jes\u00fas no abandonar\u00eda nunca a un transexual ni a un homosexual"},"content":{"rendered":"<p>El papa Francisco asegur\u00f3 que Jes\u00fas no abandonar\u00eda a un homosexual o un transexual y record\u00f3 c\u00f3mo \u00e9l recibi\u00f3 a un transexual espa\u00f1ol el a\u00f1o pasado, durante la rueda de prensa en el avi\u00f3n en el que regresaba de su viaje a Georgia y Azerbaiy\u00e1n.<\/p>\n<p>El papa Francisco contest\u00f3 este domingo a las preguntas de los 70 periodistas, entre ellos Efe, que le acompa\u00f1aron en su regreso desde Bak\u00fa y entre ellas se le interrog\u00f3 sobre qu\u00e9 opinaba de las personas transexuales de aquellas con disfunciones hormonales o aquellas que cambiaban de sexo porque no aceptaban su cuerpo de hombre o mujer. \u00abCuando una persona con esta condici\u00f3n llega delante de Jes\u00fas, Nunca le dir\u00e1 vete porque eres homosexual\u00bb, dijo y agreg\u00f3: \u00abA las personas hay que acompa\u00f1arlas c\u00f3mo hace Jes\u00fas siempre\u00bb.<\/p>\n<p>Francisco explic\u00f3 que c\u00f3mo sacerdote, c\u00f3mo obispo y ahora como Papa siempre \u00abha acompa\u00f1ado espiritualmente a personas con tendencias o practicas homosexuales\u00bb.<\/p>\n<p>Y para ello cont\u00f3 la historia del transexual espa\u00f1ol Diego Neria Lej\u00e1rraga nacido en Plasencia (C\u00e1ceres) y que acudi\u00f3 con su mujer Macarena a quienes recibi\u00f3 el a\u00f1o pasado en Santa Marta.<\/p>\n<p>\u00abRecib\u00ed una carta del espa\u00f1ol que me contaba su historia de ni\u00f1o y de adolescente. Bueno naci\u00f3 como ni\u00f1a, pero ella se sent\u00eda un chico, pero era f\u00edsicamente una chica\u00bb, explic\u00f3. \u00abCuando ten\u00eda unos 20 o 22 a\u00f1os, le dijo a la madre que quer\u00eda cambiar de sexo y su madre le contest\u00f3 que no mientras estuviese viva. Despu\u00e9s su madre muri\u00f3 y se someti\u00f3 a la intervenci\u00f3n\u00bb, agreg\u00f3.<\/p>\n<p>El Papa aplaudi\u00f3 los gestos del obispo de Plasencia, que entonces era Amadeo Rodr\u00edguez Magro y \u00abque dedic\u00f3 su tiempo a acompa\u00f1ar a este hombre\u00bb, \u00abSe cas\u00f3, ha cambiado su identidad civil y me escribi\u00f3 porque me dijo que para \u00e9l ser\u00eda una consolaci\u00f3n si yo les pod\u00eda recibir\u00bb, agreg\u00f3.<\/p>\n<p>El pont\u00edfice argentino continu\u00f3 contando que se vino al Vaticano con su esposa y que \u00abse le ve\u00eda muy feliz\u00bb y que le explic\u00f3 que mientras el nuevo p\u00e1rroco de su parroquia le gritaba \u00abir\u00e1s al infierno\u00bb el viejo p\u00e1rroco le mostraba afecto y le confesaba de vez en cuando. \u00abLa vida es la vida y las cosas se toman como vienen\u00bb, afirm\u00f3 Francisco sobre estas situaciones.<\/p>\n<p>Agreg\u00f3 que \u00ablas tendencias o los desequilibrios hormonales dan muchos problemas y hay que tener cuidado con cada situaci\u00f3n\u00bb , pero que \u00abhay que acoger, acompa\u00f1ar, discernir entre cada caso e integrar (en la Iglesia).<\/p>\n<p>Sin embargo el Papa quiso diferenciar entre algunos casos y \u00abla maldad que existe en el adoctrinar con la ideolog\u00eda de genero\u00bb. \u00abUna cosa es una tendencia o esta opci\u00f3n o el cambio de sexo y otra cosa es ense\u00f1ar a los colegios sobre esta l\u00ednea (la supuesta ideolog\u00eda que quiere eliminar las diferencias entre los sexos\u00bb.<\/p>\n<p>Durante la rueda de prensa en el avi\u00f3n, Francisco tambi\u00e9n habl\u00f3 de su agenda de viajes para 2017. Dej\u00f3 abierta la visita a Colombia, de la que dijo que viajar\u00e1 \u00abs\u00f3lo cuando el proceso de paz (entre el Gobierno y la guerrilla de las FARC est\u00e9 blindado\u00bb y no haya \u00abning\u00fan motivo para que haya una marcha atr\u00e1s\u00bb.<\/p>\n<p>Coment\u00f3 que no viajar\u00e1 mucho ya que tiene varias visitas \u00abadlimina\u00bb, las que tienen que hacer al Papa las Conferencias Episcopales cada cinco a\u00f1os, pues se suspendieron durante el Jubileo de este a\u00f1o.<\/p>\n<p>Confirm\u00f3 el viaje, por ahora de un d\u00eda &#8211; el 13 de mayo &#8211; a F\u00e1tima, en ocasi\u00f3n del centenario de las primeras apariciones marianas a los pastorcillos, en 1917.<\/p>\n","protected":false},"excerpt":{"rendered":"<p>El papa Francisco asegur\u00f3 que Jes\u00fas no abandonar\u00eda a un homosexual o un transexual y record\u00f3 c\u00f3mo \u00e9l recibi\u00f3 a un transexual espa\u00f1ol el a\u00f1o pasado, durante la rueda de prensa en el avi\u00f3n en el que regresaba de su viaje a Georgia y Azerbaiy\u00e1n. El papa Francisco contest\u00f3 este domingo a las preguntas de [&hellip;]<\/p>\n","protected":false},"author":3,"featured_media":58438,"comment_status":"open","ping_status":"open","sticky":false,"template":"","format":"standard","meta":{"footnotes":""},"categories":[57],"tags":[],"class_list":["post-58437","post","type-post","status-publish","format-standard","has-post-thumbnail","hentry","category-mundo-gay"],"_links":{"self":[{"href":"https:\/\/2horizontes.com\/index.php?rest_route=\/wp\/v2\/posts\/58437","targetHints":{"allow":["GET"]}}],"collection":[{"href":"https:\/\/2horizontes.com\/index.php?rest_route=\/wp\/v2\/posts"}],"about":[{"href":"https:\/\/2horizontes.com\/index.php?rest_route=\/wp\/v2\/types\/post"}],"author":[{"embeddable":true,"href":"https:\/\/2horizontes.com\/index.php?rest_route=\/wp\/v2\/users\/3"}],"replies":[{"embeddable":true,"href":"https:\/\/2horizontes.com\/index.php?rest_route=%2Fwp%2Fv2%2Fcomments&post=58437"}],"version-history":[{"count":1,"href":"https:\/\/2horizontes.com\/index.php?rest_route=\/wp\/v2\/posts\/58437\/revisions"}],"predecessor-version":[{"id":58439,"href":"https:\/\/2horizontes.com\/index.php?rest_route=\/wp\/v2\/posts\/58437\/revisions\/58439"}],"wp:featuredmedia":[{"embeddable":true,"href":"https:\/\/2horizontes.com\/index.php?rest_route=\/wp\/v2\/media\/58438"}],"wp:attachment":[{"href":"https:\/\/2horizontes.com\/index.php?rest_route=%2Fwp%2Fv2%2Fmedia&parent=58437"}],"wp:term":[{"taxonomy":"category","embeddable":true,"href":"https:\/\/2horizontes.com\/index.php?rest_route=%2Fwp%2Fv2%2Fcategories&post=58437"},{"taxonomy":"post_tag","embeddable":true,"href":"https:\/\/2horizontes.com\/index.php?rest_route=%2Fwp%2Fv2%2Ftags&post=58437"}],"curies":[{"name":"wp","href":"https:\/\/api.w.org\/{rel}","templated":true}]}}