{"id":58353,"date":"2016-09-30T14:29:35","date_gmt":"2016-09-30T13:29:35","guid":{"rendered":"http:\/\/2horizontes.com\/?p=58353"},"modified":"2016-09-30T14:29:35","modified_gmt":"2016-09-30T13:29:35","slug":"es-posible-detectar-la-depresion-a-traves-de-la-voz","status":"publish","type":"post","link":"https:\/\/2horizontes.com\/?p=58353","title":{"rendered":"\u00bfEs posible detectar la depresi\u00f3n a trav\u00e9s de la voz?"},"content":{"rendered":"<p class=\"story-body__introduction\">Si la voz delata nuestras emociones, \u00bfservir\u00e1 su estudio para detectar enfermedades como la depresi\u00f3n o el s\u00edndrome de estr\u00e9s postraum\u00e1tico?<\/p>\n<p>La depresi\u00f3n ha sido calificada como el mal del siglo XXI, especialmente en los pa\u00edses desarrollados.<\/p>\n<p>En Estados Unidos, por ejemplo, en el curso de los \u00faltimos 20 a\u00f1os el <strong>consumo de antidepresivos aument\u00f3 un 400%<\/strong>.<\/p>\n<p>Pero no hay consenso sobre la gravedad de la situaci\u00f3n:<\/p>\n<ul class=\"story-body__unordered-list\">\n<li class=\"story-body__list-item\">Un reciente estudio de la Escuela Bloomberg de Salud P\u00fablica de la Universidad Johns Hopkins en EE.UU. concluy\u00f3 que la depresi\u00f3n se diagnostica exageradamente.<\/li>\n<li class=\"story-body__list-item\">Del otro lado, expertos como el profesor australiano Ian Hickie consideran que todav\u00eda se necesita una mayor conciencia de la depresi\u00f3n como una enfermedad psicol\u00f3gica muy real.<\/li>\n<\/ul>\n<p>Quiz\u00e1 la tecnolog\u00eda sea capaz de poner orden en este debate.<\/p>\n<ul class=\"story-body__unordered-list\">\n<li class=\"story-body__list-item\">La sorprendente historia de c\u00f3mo Jap\u00f3n acept\u00f3 (por fin) la existencia de la depresi\u00f3n<\/li>\n<\/ul>\n<figure class=\"media-landscape has-caption full-width\"><span class=\"image-and-copyright-container\"><img loading=\"lazy\" decoding=\"async\" class=\"responsive-image__img js-image-replace\" src=\"http:\/\/ichef-1.bbci.co.uk\/news\/624\/cpsprodpb\/3DD6\/production\/_91203851_adolescentedeprimidospl.jpg\" alt=\"Joven deprimido\" width=\"976\" height=\"549\" data-highest-encountered-width=\"624\" \/>El mal diagn\u00f3stico de la depresi\u00f3n es un gran problema en el sistema salud de Estados Unidos y se agrava particularmente en los casos en los que un doctor de atenci\u00f3n primaria realiza el diagn\u00f3stico.<\/span><\/figure>\n<h2 class=\"story-body__crosshead\">Los rasgos del habla<\/h2>\n<p>Un grupo de investigadores de la Universidad del Sur de California (USC) desarroll\u00f3 un programa inform\u00e1tico que puede ayudar a psic\u00f3logos y psiquiatras en sus diagn\u00f3sticos.<\/p>\n<p>\u00abNos interesamos principalmente en un s\u00edntoma que, con el tiempo, los m\u00e9dicos han observado en individuos que sufren de depresi\u00f3n: una voz plana, mon\u00f3tona, sin expresividad\u00bb, le explica a BBC Mundo Stefan Scherer, principal investigador del proyecto.<\/p>\n<p>\u00abPensamos que si pudi\u00e9ramos medir de forma autom\u00e1tica esa falta de expresividad en la voz, eso ser\u00eda un gran avance\u00bb.<\/p>\n<p>Los psic\u00f3logos cl\u00ednicos realizan una serie de ejercicios de expresi\u00f3n oral para ayudar en su diagn\u00f3stico como, por ejemplo, pedirle al paciente que pronuncie una misma vocal por un tiempo prolongado.<\/p>\n<div id=\"bbc-news-vj-iframe-content-placeholder\"><\/div>\n<div id=\"ns_datapic_mundo-cita-elvira-bonfa-depresion\" class=\"idt__mundo ns_datapic_quote ns_datapic_quote--mundo-cita-elvira-bonfa-depresion newsspec_infographic_template\">\n<div class=\"ns_outer_wrapper ns_outer_wrapper__align-bottom\">\n<div class=\"ns_inner_wrapper\">\n<div class=\"ns_quote_mark\"><\/div>\n<p class=\"ns_quote ns_quote__size--medium\">Gran parte del problema con el diagn\u00f3stico de la depresi\u00f3n es que se trata de una enfermedad muy heterog\u00e9nea\u00bb.<\/p>\n<div class=\"ns_author ns_\">Elvira Bonf\u00e1, psic\u00f3loga<\/div>\n<\/div>\n<\/div>\n<\/div>\n<p>\u00abLos individuos que padecen depresi\u00f3n utilizan un espectro m\u00e1s estrecho de vocales que las personas que no sufren la enfermedad\u00bb, se\u00f1ala Scherer.<\/p>\n<p>\u00abArrastran el habla, balbucean las vocales, hacen pausas m\u00e1s largas, no ponen el mismo esfuerzo en hablar que aquellos sin depresi\u00f3n.<\/p>\n<p>\u00abLa lentitud psicomotriz es uno de los s\u00edntomas de depresi\u00f3n e indudablemente esto afecta al habla. La coordinaci\u00f3n de m\u00fasculos para producir el habla es algo bastante complejo\u00bb, a\u00f1ade.<\/p>\n<figure class=\"media-landscape has-caption full-width\"><span class=\"image-and-copyright-container\"><img loading=\"lazy\" decoding=\"async\" class=\"responsive-image__img js-image-replace\" src=\"http:\/\/ichef-1.bbci.co.uk\/news\/624\/cpsprodpb\/7441\/production\/_91416792_gettyimages-3123176.jpg\" alt=\"Medicinas\" width=\"976\" height=\"549\" data-highest-encountered-width=\"624\" \/>El consumo de antidepresivos se ha disparado en Estados Unidos en los \u00faltimos a\u00f1os.<\/span><\/figure>\n<ul class=\"story-body__unordered-list\">\n<li class=\"story-body__list-item\">Los cient\u00edficos que creen que el sistema inmune puede causar depresi\u00f3n<\/li>\n<\/ul>\n<h2 class=\"story-body__crosshead\">\u00bfSustituir a las personas?<\/h2>\n<p>El <i>software<\/i> desarrollado por la USC, llamado SimSensei, permite hacer estos an\u00e1lisis de voz de forma objetiva.<\/p>\n<p>Pero los investigadores se han encontrado con el recelo de la comunidad m\u00e9dica, que se pregunta si se pretende sustituir a psic\u00f3logos y psiquiatras por una m\u00e1quina.<\/p>\n<p>La psic\u00f3loga Elvira Bonf\u00e1 considera que no se debe \u00abignorar\u00bb a los expertos y cambiarlos por un programa inform\u00e1tico por el hecho de que haya un exceso de diagn\u00f3stico de la depresi\u00f3n.<\/p>\n<p>\u00abGran parte del problema con el diagn\u00f3stico de la depresi\u00f3n es que se trata de una<strong>enfermedad muy heterog\u00e9nea<\/strong>. Tiene causas muy distintas y se expresa de formas muy diferentes\u00bb, sostiene Bonf\u00e1 en conversaci\u00f3n con BBC Mundo.<\/p>\n<figure class=\"media-portrait has-caption body-narrow-width\"><span class=\"image-and-copyright-container\"><img loading=\"lazy\" decoding=\"async\" class=\"responsive-image__img js-image-replace alignleft\" src=\"http:\/\/ichef.bbci.co.uk\/news\/304\/cpsprodpb\/FFA6\/production\/_91364456_robottristespl.jpg\" alt=\"Robot triste\" width=\"412\" height=\"549\" data-highest-encountered-width=\"304\" \/><span class=\"off-screen\">Image copyright<\/span><span class=\"story-image-copyright\">SCIENCE PHOTO LIBRARY<\/span><\/span><figcaption class=\"media-caption\"><span class=\"off-screen\">Image caption<\/span><span class=\"media-caption__text\">Las m\u00e1quinas pueden ayudar en el diagn\u00f3stico de la depresi\u00f3n.<\/span><\/figcaption><\/figure>\n<p>Hay dos razones simples y relacionadas entre s\u00ed para explicar este sobre-diagn\u00f3stico, dice Bonf\u00e1:<\/p>\n<ul class=\"story-body__unordered-list\">\n<li class=\"story-body__list-item\">Diagnosticar una enfermedad err\u00f3neamente es casi siempre m\u00e1s seguro que no diagnosticarla pero que exista.<\/li>\n<li class=\"story-body__list-item\">Eliminar con certeza la posibilidad de cualquier simple diagn\u00f3stico requiere m\u00e1s conocimiento y m\u00e1s seguridad que lo contrario.<\/li>\n<\/ul>\n<h2 class=\"story-body__crosshead\">Una herramienta m\u00e1s<\/h2>\n<p>Stefan Scherer asegura que su objetivo no es reemplazar a los psic\u00f3logos ni eliminar la terapia.<\/p>\n<p>\u00abEsto es s\u00f3lo una herramienta que estar\u00e1 disponible para todo el mundo y que servir\u00e1 como apoyo, esa es la premisa\u00bb, defiende.<\/p>\n<p>El programa le ofrece al paciente una representaci\u00f3n electr\u00f3nica de un humano que interact\u00faa con \u00e9l desde la pantalla.<\/p>\n<p>\u00abQueremos crear un <strong>entorno en el que los individuos se sientan seguros<\/strong>, donde puedan hablar de todo lo que quieran a la vez que sienten que est\u00e1n en control.<\/p>\n<p>\u00abLos psic\u00f3logos pueden traer su propio sesgo a la hora de entrevistar a una persona para hacer un diagn\u00f3stico.<\/p>\n<p>\u00abPueden estar de mejor o peor humor y eso afecta a la conversaci\u00f3n, pero la computadora siempre se comportar\u00e1 de la misma forma\u00bb, sostiene Scherer.<\/p>\n<figure class=\"media-landscape has-caption full-width\"><span class=\"image-and-copyright-container\"><img loading=\"lazy\" decoding=\"async\" class=\"responsive-image__img js-image-replace\" src=\"http:\/\/ichef.bbci.co.uk\/news\/624\/cpsprodpb\/C261\/production\/_91416794_chicospl.jpg\" alt=\"Chico en un banco con una pelota\" width=\"976\" height=\"549\" data-highest-encountered-width=\"624\" \/><span class=\"off-screen\">Image copyright<\/span><span class=\"story-image-copyright\">SCIENCE PHOTO LIBRARY<\/span><\/span><figcaption class=\"media-caption\"><span class=\"off-screen\">Image caption<\/span><span class=\"media-caption__text\">Este m\u00e9todo no pretende sustituir la figura del psic\u00f3logo o psiquiatra.<\/span><\/figcaption><\/figure>\n<p>Un ser humano puede captar m\u00e1s matices que una m\u00e1quina, opina por su parte la psic\u00f3loga Bonf\u00e1.<\/p>\n<p>\u00abTenemos una importante formaci\u00f3n que precisamente nos permite hacer un an\u00e1lisis integral, <strong>no se trata s\u00f3lo de la dicci\u00f3n o de factores aislados<\/strong>, es algo mucho m\u00e1s complejo\u00bb, insiste.<\/p>\n<p>Scherer est\u00e1 de acuerdo y por eso insiste en que el trabajo de su grupo est\u00e1 pensado como una herramienta de ayuda.<\/p>\n<p>\u00abNos acercamos a los expertos y les decimos que les podemos ayudar con mediciones objetivas del comportamiento humano.<\/p>\n<p>\u00abDe hecho hemos recibido mucho inter\u00e9s de algunos psic\u00f3logos. Simplemente queremos ayudarles a hacer evaluaciones m\u00e1s precisas\u00bb, concluye.<\/p>\n","protected":false},"excerpt":{"rendered":"<p>Si la voz delata nuestras emociones, \u00bfservir\u00e1 su estudio para detectar enfermedades como la depresi\u00f3n o el s\u00edndrome de estr\u00e9s postraum\u00e1tico? La depresi\u00f3n ha sido calificada como el mal del siglo XXI, especialmente en los pa\u00edses desarrollados. En Estados Unidos, por ejemplo, en el curso de los \u00faltimos 20 a\u00f1os el consumo de antidepresivos aument\u00f3 [&hellip;]<\/p>\n","protected":false},"author":1,"featured_media":58354,"comment_status":"open","ping_status":"open","sticky":false,"template":"","format":"standard","meta":{"footnotes":""},"categories":[45],"tags":[],"class_list":["post-58353","post","type-post","status-publish","format-standard","has-post-thumbnail","hentry","category-salud"],"_links":{"self":[{"href":"https:\/\/2horizontes.com\/index.php?rest_route=\/wp\/v2\/posts\/58353","targetHints":{"allow":["GET"]}}],"collection":[{"href":"https:\/\/2horizontes.com\/index.php?rest_route=\/wp\/v2\/posts"}],"about":[{"href":"https:\/\/2horizontes.com\/index.php?rest_route=\/wp\/v2\/types\/post"}],"author":[{"embeddable":true,"href":"https:\/\/2horizontes.com\/index.php?rest_route=\/wp\/v2\/users\/1"}],"replies":[{"embeddable":true,"href":"https:\/\/2horizontes.com\/index.php?rest_route=%2Fwp%2Fv2%2Fcomments&post=58353"}],"version-history":[{"count":1,"href":"https:\/\/2horizontes.com\/index.php?rest_route=\/wp\/v2\/posts\/58353\/revisions"}],"predecessor-version":[{"id":58355,"href":"https:\/\/2horizontes.com\/index.php?rest_route=\/wp\/v2\/posts\/58353\/revisions\/58355"}],"wp:featuredmedia":[{"embeddable":true,"href":"https:\/\/2horizontes.com\/index.php?rest_route=\/wp\/v2\/media\/58354"}],"wp:attachment":[{"href":"https:\/\/2horizontes.com\/index.php?rest_route=%2Fwp%2Fv2%2Fmedia&parent=58353"}],"wp:term":[{"taxonomy":"category","embeddable":true,"href":"https:\/\/2horizontes.com\/index.php?rest_route=%2Fwp%2Fv2%2Fcategories&post=58353"},{"taxonomy":"post_tag","embeddable":true,"href":"https:\/\/2horizontes.com\/index.php?rest_route=%2Fwp%2Fv2%2Ftags&post=58353"}],"curies":[{"name":"wp","href":"https:\/\/api.w.org\/{rel}","templated":true}]}}