{"id":58250,"date":"2016-09-29T16:29:19","date_gmt":"2016-09-29T15:29:19","guid":{"rendered":"http:\/\/2horizontes.com\/?p=58250"},"modified":"2016-09-29T16:29:19","modified_gmt":"2016-09-29T15:29:19","slug":"samsung-volvera-a-vender-el-note-7-en-europa-el-28-de-octubre","status":"publish","type":"post","link":"https:\/\/2horizontes.com\/?p=58250","title":{"rendered":"Samsung volver\u00e1 a vender el Note 7 en Europa el 28 de octubre"},"content":{"rendered":"<div id=\"ArticleAuthorDiv\" class=\"article-body-author\"><b>EFE<\/b><\/div>\n<div id=\"ArticleSourceDiv\" class=\"article-body-author\"><b>Madrid, Espa\u00f1a<\/b><\/div>\n<div id=\"ArticleBody\">\n<p>Samsung anunci\u00f3 ayer que volver\u00e1 a poner a la venta en Europa su \u00abphablet\u00bb Galaxy Note 7 el pr\u00f3ximo 28 de octubre, despu\u00e9s de que a comienzos de este mes tuviera que retirarla del mercado tras reconocer que las bater\u00edas de varios terminales hab\u00edan sufriendo problemas de ignici\u00f3n.<\/p>\n<p>Adem\u00e1s de suspender su comercializaci\u00f3n el 2 de septiembre, que hab\u00eda comenzado el 19 de agosto, la compa\u00f1\u00eda surcoreana llam\u00f3 a revisi\u00f3n todos los Note 7 vendidos hasta la fecha.<\/p>\n<p>Samsung indic\u00f3 ayer en un comunicado que prev\u00e9 completar la sustituci\u00f3n de Note 7 en Europa a comienzos del pr\u00f3ximo mes.<\/p>\n<p>La tecnol\u00f3gica reconoci\u00f3 a principios de septiembre 35 casos documentados de terminales que ardieron durante la carga debido a bater\u00edas defectuosas.<\/p>\n<p>Seg\u00fan la compa\u00f1\u00eda, todos los clientes europeos que compraron el Note 7 recibieron mensajes de seguridad inst\u00e1ndoles a que se acogieran al programa de sustituci\u00f3n, as\u00ed como una actualizaci\u00f3n de software para limitar la carga m\u00e1xima de la bater\u00eda al 60 % y evitar as\u00ed m\u00e1s casos de ignici\u00f3n.<\/p>\n<div id=\"FIOnDemandWrapper_fiInstance_101888_4_2259486\" class=\"FIOnDemandWrapper\"><\/div>\n<p>En el comunicado, Samsung sostiene que el 97 % de europeos que ha entregado el Note 7 ha pedido que se le sustituya por el mismo modelo.<\/p>\n<p>Los nuevos Note 7 que se est\u00e1n entregando a los consumidores tienen el indicador de la bater\u00eda en color verde para diferenciarse de la primera versi\u00f3n.<\/p>\n<\/div>\n","protected":false},"excerpt":{"rendered":"<p>EFE Madrid, Espa\u00f1a Samsung anunci\u00f3 ayer que volver\u00e1 a poner a la venta en Europa su \u00abphablet\u00bb Galaxy Note 7 el pr\u00f3ximo 28 de octubre, despu\u00e9s de que a comienzos de este mes tuviera que retirarla del mercado tras reconocer que las bater\u00edas de varios terminales hab\u00edan sufriendo problemas de ignici\u00f3n. Adem\u00e1s de suspender su [&hellip;]<\/p>\n","protected":false},"author":7,"featured_media":58251,"comment_status":"open","ping_status":"open","sticky":false,"template":"","format":"standard","meta":{"footnotes":""},"categories":[1,40],"tags":[],"class_list":["post-58250","post","type-post","status-publish","format-standard","has-post-thumbnail","hentry","category-entretenimiento","category-internacionales"],"_links":{"self":[{"href":"https:\/\/2horizontes.com\/index.php?rest_route=\/wp\/v2\/posts\/58250","targetHints":{"allow":["GET"]}}],"collection":[{"href":"https:\/\/2horizontes.com\/index.php?rest_route=\/wp\/v2\/posts"}],"about":[{"href":"https:\/\/2horizontes.com\/index.php?rest_route=\/wp\/v2\/types\/post"}],"author":[{"embeddable":true,"href":"https:\/\/2horizontes.com\/index.php?rest_route=\/wp\/v2\/users\/7"}],"replies":[{"embeddable":true,"href":"https:\/\/2horizontes.com\/index.php?rest_route=%2Fwp%2Fv2%2Fcomments&post=58250"}],"version-history":[{"count":1,"href":"https:\/\/2horizontes.com\/index.php?rest_route=\/wp\/v2\/posts\/58250\/revisions"}],"predecessor-version":[{"id":58252,"href":"https:\/\/2horizontes.com\/index.php?rest_route=\/wp\/v2\/posts\/58250\/revisions\/58252"}],"wp:featuredmedia":[{"embeddable":true,"href":"https:\/\/2horizontes.com\/index.php?rest_route=\/wp\/v2\/media\/58251"}],"wp:attachment":[{"href":"https:\/\/2horizontes.com\/index.php?rest_route=%2Fwp%2Fv2%2Fmedia&parent=58250"}],"wp:term":[{"taxonomy":"category","embeddable":true,"href":"https:\/\/2horizontes.com\/index.php?rest_route=%2Fwp%2Fv2%2Fcategories&post=58250"},{"taxonomy":"post_tag","embeddable":true,"href":"https:\/\/2horizontes.com\/index.php?rest_route=%2Fwp%2Fv2%2Ftags&post=58250"}],"curies":[{"name":"wp","href":"https:\/\/api.w.org\/{rel}","templated":true}]}}