{"id":58210,"date":"2016-09-29T09:49:49","date_gmt":"2016-09-29T08:49:49","guid":{"rendered":"http:\/\/2horizontes.com\/?p=58210"},"modified":"2016-09-29T09:49:49","modified_gmt":"2016-09-29T08:49:49","slug":"sanchez-reune-a-su-diezmada-ejecutiva-para-blindar-su-estrategia","status":"publish","type":"post","link":"https:\/\/2horizontes.com\/?p=58210","title":{"rendered":"S\u00e1nchez re\u00fane a su diezmada ejecutiva para blindar su estrategia"},"content":{"rendered":"<p>Pedro S\u00e1nchez re\u00fane esta ma\u00f1ana a su diezmada ejecutiva federal \u2013despu\u00e9s de que ayer una mayor\u00eda de sus miembros presentara su dimisi\u00f3n &#8211; con un \u00fanico punto en el orden del d\u00eda: blindar su propia estrategia frente a la ofensiva desencadenada por sus cr\u00edticos.<\/p>\n<p>El plan de S\u00e1nchez es sacar adelante su plan, contra viento y marea. As\u00ed, el objetivo de la cita de la ejecutiva de esta ma\u00f1ana es acordar la celebraci\u00f3n de un comit\u00e9 federal del PSOE este mismo s\u00e1bado \u2013tal y como ya estaba convocado- en el que se ratifique su propuesta de celebrar unas primarias el pr\u00f3ximo 23 de octubre para revalidar el cargo de secretario general y un congreso federal extraordinario \u2013los d\u00edas 2, 3 y 4 de diciembre- donde se elija una nueva ejecutiva. Es decir, mantener el rumbo. Como si nada hubiera pasado.<\/p>\n<p>Los 17 miembros de la ejecutiva que ayer dimitieron \u2013incluyendo a la hasta ahora presidenta del PSOE, la andaluza Micaela Navarro- no est\u00e1n convocados a la cita de esta ma\u00f1ana, claro est\u00e1. \u201cAhora s\u00ed que controlamos la ejecutiva\u201d, ironizan los fieles a Pedro S\u00e1nchez. Y en Ferraz consideran que si los dirigentes cr\u00edticos tampoco quieren acudir al comit\u00e9 federal de este s\u00e1bado, en todo caso contar\u00e1n con una mayor\u00eda suficiente para que haya qu\u00f3rum y sus decisiones \u2013convocar las primarias y el congreso extraordinario, seg\u00fan lo previsto- sean v\u00e1lidas y ajustadas a los estatutos y reglamentos internos.<\/p>\n<p>Pese a que el amplio sector cr\u00edtico -abanderado por Susana D\u00edaz e integrado por casi todo el poder institucional y territorial del PSOE- no reconoce ya ninguna legitimidad a Pedro S\u00e1nchez ni a su ejecutiva de s\u00f3lo 18 miembros, la previsi\u00f3n de Ferraz es mantener su hoja de ruta.<\/p>\n<p>Uno de los conflictos que tambi\u00e9n se sustanciar\u00e1n esta ma\u00f1ana es la convocatoria, o no, de la comisi\u00f3n federal de \u00e9tica y garant\u00edas del PSOE. Los cr\u00edticos demandan que se re\u00fana este \u00f3rgano para resolver el choque de legitimidades abierto por la distinta interpretaci\u00f3n que las partes enfrentadas hacen de los estatutos y reglamentos del partido.<\/p>\n<p>Y, para eso, quieren que lo convoque la presidenta del comit\u00e9 federal del PSOE, la sevillana Ver\u00f3nica P\u00e9rez, af\u00edn a Susana D\u00edaz. Pero en Ferraz aseguran que la \u00fanica persona que puede convocar dicho \u00f3rgano, seg\u00fan su reglamento, es la propia presidenta de la comisi\u00f3n de \u00e9tica y garant\u00edas, la vasca Isabel Cel\u00e1a, af\u00edn a Pedro S\u00e1nchez. Y que no tiene intenci\u00f3n de hacerlo. En Ferraz consideran que el \u00fanico camino que les queda a los cr\u00edticos es el de los tribunales, si as\u00ed quieren plantearlo.<\/p>\n","protected":false},"excerpt":{"rendered":"<p>Pedro S\u00e1nchez re\u00fane esta ma\u00f1ana a su diezmada ejecutiva federal \u2013despu\u00e9s de que ayer una mayor\u00eda de sus miembros presentara su dimisi\u00f3n &#8211; con un \u00fanico punto en el orden del d\u00eda: blindar su propia estrategia frente a la ofensiva desencadenada por sus cr\u00edticos. El plan de S\u00e1nchez es sacar adelante su plan, contra viento [&hellip;]<\/p>\n","protected":false},"author":3,"featured_media":58211,"comment_status":"open","ping_status":"open","sticky":false,"template":"","format":"standard","meta":{"footnotes":""},"categories":[85,43],"tags":[],"class_list":["post-58210","post","type-post","status-publish","format-standard","has-post-thumbnail","hentry","category-espana","category-politica"],"_links":{"self":[{"href":"https:\/\/2horizontes.com\/index.php?rest_route=\/wp\/v2\/posts\/58210","targetHints":{"allow":["GET"]}}],"collection":[{"href":"https:\/\/2horizontes.com\/index.php?rest_route=\/wp\/v2\/posts"}],"about":[{"href":"https:\/\/2horizontes.com\/index.php?rest_route=\/wp\/v2\/types\/post"}],"author":[{"embeddable":true,"href":"https:\/\/2horizontes.com\/index.php?rest_route=\/wp\/v2\/users\/3"}],"replies":[{"embeddable":true,"href":"https:\/\/2horizontes.com\/index.php?rest_route=%2Fwp%2Fv2%2Fcomments&post=58210"}],"version-history":[{"count":2,"href":"https:\/\/2horizontes.com\/index.php?rest_route=\/wp\/v2\/posts\/58210\/revisions"}],"predecessor-version":[{"id":58213,"href":"https:\/\/2horizontes.com\/index.php?rest_route=\/wp\/v2\/posts\/58210\/revisions\/58213"}],"wp:featuredmedia":[{"embeddable":true,"href":"https:\/\/2horizontes.com\/index.php?rest_route=\/wp\/v2\/media\/58211"}],"wp:attachment":[{"href":"https:\/\/2horizontes.com\/index.php?rest_route=%2Fwp%2Fv2%2Fmedia&parent=58210"}],"wp:term":[{"taxonomy":"category","embeddable":true,"href":"https:\/\/2horizontes.com\/index.php?rest_route=%2Fwp%2Fv2%2Fcategories&post=58210"},{"taxonomy":"post_tag","embeddable":true,"href":"https:\/\/2horizontes.com\/index.php?rest_route=%2Fwp%2Fv2%2Ftags&post=58210"}],"curies":[{"name":"wp","href":"https:\/\/api.w.org\/{rel}","templated":true}]}}