{"id":58196,"date":"2016-09-28T17:49:50","date_gmt":"2016-09-28T16:49:50","guid":{"rendered":"http:\/\/2horizontes.com\/?p=58196"},"modified":"2016-09-28T17:49:50","modified_gmt":"2016-09-28T16:49:50","slug":"la-apretada-agenda-de-cristiano-ronaldo-este-domingo","status":"publish","type":"post","link":"https:\/\/2horizontes.com\/?p=58196","title":{"rendered":"La apretada agenda de Cristiano Ronaldo este domingo"},"content":{"rendered":"<p>La agenda de Cristiano Ronaldo suele estar llena de actos, pero este domingo el portugu\u00e9s puede superarse. Aunque no est\u00e1 cuajando un buen inicio de curso, CR7 anot\u00f3 un gol ante el Borussia Dortmund este martes y dio claras muestras de mejor\u00eda. Unos indicios que debe confirmar este domingo ante el Eibar, en lo que ser\u00e1 una jornada interminable incluso para un depredador del gol como \u00e9l.<\/p>\n<p>Si no hay lesi\u00f3n que lo impida, Cristiano saltar\u00e1 al c\u00e9sped del Santiago Bernabeu el domingo a las 16:15 para enfrentarse al Eibar. Pero una vez finalizado el partido, no tendr\u00e1 demasiado tiempo para someterse a masajes ni para atender a los medios de comunicaci\u00f3n. A las 21:00 horas debe estar en Lisboa, donde le esperan para la inauguraci\u00f3n oficial del segundo hotel de la marca Pestana CR7, que abri\u00f3 sus puertas el pasado 16 de agosto en la capital portuguesa.<\/p>\n<p>El futbolista estar\u00e1 acompa\u00f1ado en el acto por el responsable del grupo hotelero portugu\u00e9s, Dionisio Pestana, y representantes de entidades oficiales, seg\u00fan avanzaron este mi\u00e9rcoles a EFE fuentes de la organizaci\u00f3n.<\/p>\n<p>Se han invertido 15 millones de euros en el hotel Pestana CR7 de Baixa, Lisboa<\/p>\n<p>Con una inversi\u00f3n de 15 millones de euros, este hotel con la marca Pestana CR7, -de cuatro estrellas, con 82 habitaciones y una suite-, est\u00e1 situado en plena Baixa lisboeta, en el centro hist\u00f3rico de la capital lusa.<\/p>\n<p>El establecimiento, impregnado de detalles de la carrera profesional del futbolista, est\u00e1 dirigido a un p\u00fablico joven que apuesta por el mundo digital y los espacios comunes.<\/p>\n<p>En el hotel, por ejemplo, los ascensores tienen una pantalla que revive los mejores momentos del astro portugu\u00e9s en el Sporting, el Manchester United, Real Madrid y la selecci\u00f3n portuguesa, y las escaleras reproducen, de forma autom\u00e1tica, el bullicio de los hinchas de un estadio.<\/p>\n<p>Las habitaciones cuentan con elementos relacionados al universo deportivo, como una alfombra que reproduce las huellas de Ronaldo en el c\u00e9sped.<\/p>\n<p>Es el segundo de la marca \u201cPestana CR7 Lifestyle Hotels\u201d, tras el que ya opera en Funchal, la capital del archipi\u00e9lago luso de Madeira, donde naci\u00f3 el delantero. El a\u00f1o pr\u00f3ximo est\u00e1 prevista la apertura de otros dos, en Madrid y en Nueva York.<\/p>\n<p>La marca es propiedad a partes iguales de Ronaldo y del presidente del grupo Pestana, Dion\u00edsio Pestana, pero la gesti\u00f3n corresponde en su totalidad a la cadena hotelera, que cuenta ya con cerca de un centenar de unidades en 15 pa\u00edses.<\/p>\n","protected":false},"excerpt":{"rendered":"<p>La agenda de Cristiano Ronaldo suele estar llena de actos, pero este domingo el portugu\u00e9s puede superarse. Aunque no est\u00e1 cuajando un buen inicio de curso, CR7 anot\u00f3 un gol ante el Borussia Dortmund este martes y dio claras muestras de mejor\u00eda. Unos indicios que debe confirmar este domingo ante el Eibar, en lo que [&hellip;]<\/p>\n","protected":false},"author":3,"featured_media":58197,"comment_status":"open","ping_status":"open","sticky":false,"template":"","format":"standard","meta":{"footnotes":""},"categories":[42],"tags":[],"class_list":["post-58196","post","type-post","status-publish","format-standard","has-post-thumbnail","hentry","category-deportes"],"_links":{"self":[{"href":"https:\/\/2horizontes.com\/index.php?rest_route=\/wp\/v2\/posts\/58196","targetHints":{"allow":["GET"]}}],"collection":[{"href":"https:\/\/2horizontes.com\/index.php?rest_route=\/wp\/v2\/posts"}],"about":[{"href":"https:\/\/2horizontes.com\/index.php?rest_route=\/wp\/v2\/types\/post"}],"author":[{"embeddable":true,"href":"https:\/\/2horizontes.com\/index.php?rest_route=\/wp\/v2\/users\/3"}],"replies":[{"embeddable":true,"href":"https:\/\/2horizontes.com\/index.php?rest_route=%2Fwp%2Fv2%2Fcomments&post=58196"}],"version-history":[{"count":1,"href":"https:\/\/2horizontes.com\/index.php?rest_route=\/wp\/v2\/posts\/58196\/revisions"}],"predecessor-version":[{"id":58198,"href":"https:\/\/2horizontes.com\/index.php?rest_route=\/wp\/v2\/posts\/58196\/revisions\/58198"}],"wp:featuredmedia":[{"embeddable":true,"href":"https:\/\/2horizontes.com\/index.php?rest_route=\/wp\/v2\/media\/58197"}],"wp:attachment":[{"href":"https:\/\/2horizontes.com\/index.php?rest_route=%2Fwp%2Fv2%2Fmedia&parent=58196"}],"wp:term":[{"taxonomy":"category","embeddable":true,"href":"https:\/\/2horizontes.com\/index.php?rest_route=%2Fwp%2Fv2%2Fcategories&post=58196"},{"taxonomy":"post_tag","embeddable":true,"href":"https:\/\/2horizontes.com\/index.php?rest_route=%2Fwp%2Fv2%2Ftags&post=58196"}],"curies":[{"name":"wp","href":"https:\/\/api.w.org\/{rel}","templated":true}]}}