{"id":58165,"date":"2016-09-27T20:16:37","date_gmt":"2016-09-27T19:16:37","guid":{"rendered":"http:\/\/2horizontes.com\/?p=58165"},"modified":"2016-09-27T20:16:37","modified_gmt":"2016-09-27T19:16:37","slug":"se-queda-paraplejica-el-dia-de-su-boda-al-caer-cuando-era-alzada-por-los-invitados","status":"publish","type":"post","link":"https:\/\/2horizontes.com\/?p=58165","title":{"rendered":"Se queda parapl\u00e9jica el d\u00eda de su boda al caer cuando era alzada por los invitados"},"content":{"rendered":"<p>Una mujer boliviana de 32 a\u00f1os qued\u00f3 parapl\u00e9jica el d\u00eda de su boda, celebrada en la ciudad de Sucre, por una ca\u00edda sufrida durante la fiesta cuando era llevada a hombros por los invitados, informaron medios locales.<\/p>\n<p>La mujer, cuyo nombre no ha sido difundido, fue ingresada en el servicio de emergencias del hospital sucrense Santa B\u00e1rbara el domingo en la madrugada, declar\u00f3 a los medios la directora de ese centro de salud, Gilka Guerrero.<\/p>\n<p>El diagn\u00f3stico es \u00abpolitrauma, trauma raquimedular, una luxaci\u00f3n de la cervical C6 sobre la cervical C7, con compromiso de m\u00e9dula y paraplejia\u00bb, sostuvo la doctora.<\/p>\n<p>La levantaron por los aires<br \/>\nEl suceso ocurri\u00f3 durante la fiesta de bodas, cuando los invitados, siguiendo una tradici\u00f3n, levantaron por los aires a la novia, pero no lograron volver a sujetarla, por lo que cay\u00f3 de cabeza.<\/p>\n<p>\u00abLa ca\u00edda afect\u00f3 su cuello, no reacciona, tiene sensibilidad en sus pies, pero no tiene movilidad. Actualmente est\u00e1 en interconsulta en traumatolog\u00eda y neurocirug\u00eda y existe la posibilidad de una cirug\u00eda\u00bb, agreg\u00f3 Guerrero, seg\u00fan la agencia estatal ABI.<\/p>\n","protected":false},"excerpt":{"rendered":"<p>Una mujer boliviana de 32 a\u00f1os qued\u00f3 parapl\u00e9jica el d\u00eda de su boda, celebrada en la ciudad de Sucre, por una ca\u00edda sufrida durante la fiesta cuando era llevada a hombros por los invitados, informaron medios locales. La mujer, cuyo nombre no ha sido difundido, fue ingresada en el servicio de emergencias del hospital sucrense [&hellip;]<\/p>\n","protected":false},"author":3,"featured_media":58166,"comment_status":"open","ping_status":"open","sticky":false,"template":"","format":"standard","meta":{"footnotes":""},"categories":[40],"tags":[],"class_list":["post-58165","post","type-post","status-publish","format-standard","has-post-thumbnail","hentry","category-internacionales"],"_links":{"self":[{"href":"https:\/\/2horizontes.com\/index.php?rest_route=\/wp\/v2\/posts\/58165","targetHints":{"allow":["GET"]}}],"collection":[{"href":"https:\/\/2horizontes.com\/index.php?rest_route=\/wp\/v2\/posts"}],"about":[{"href":"https:\/\/2horizontes.com\/index.php?rest_route=\/wp\/v2\/types\/post"}],"author":[{"embeddable":true,"href":"https:\/\/2horizontes.com\/index.php?rest_route=\/wp\/v2\/users\/3"}],"replies":[{"embeddable":true,"href":"https:\/\/2horizontes.com\/index.php?rest_route=%2Fwp%2Fv2%2Fcomments&post=58165"}],"version-history":[{"count":1,"href":"https:\/\/2horizontes.com\/index.php?rest_route=\/wp\/v2\/posts\/58165\/revisions"}],"predecessor-version":[{"id":58167,"href":"https:\/\/2horizontes.com\/index.php?rest_route=\/wp\/v2\/posts\/58165\/revisions\/58167"}],"wp:featuredmedia":[{"embeddable":true,"href":"https:\/\/2horizontes.com\/index.php?rest_route=\/wp\/v2\/media\/58166"}],"wp:attachment":[{"href":"https:\/\/2horizontes.com\/index.php?rest_route=%2Fwp%2Fv2%2Fmedia&parent=58165"}],"wp:term":[{"taxonomy":"category","embeddable":true,"href":"https:\/\/2horizontes.com\/index.php?rest_route=%2Fwp%2Fv2%2Fcategories&post=58165"},{"taxonomy":"post_tag","embeddable":true,"href":"https:\/\/2horizontes.com\/index.php?rest_route=%2Fwp%2Fv2%2Ftags&post=58165"}],"curies":[{"name":"wp","href":"https:\/\/api.w.org\/{rel}","templated":true}]}}