{"id":58110,"date":"2016-09-27T13:55:14","date_gmt":"2016-09-27T12:55:14","guid":{"rendered":"http:\/\/2horizontes.com\/?p=58110"},"modified":"2016-09-27T13:55:14","modified_gmt":"2016-09-27T12:55:14","slug":"supuesta-victima-de-un-hombre-con-una-mascara-de-trump-se-hirio-a-si-misma","status":"publish","type":"post","link":"https:\/\/2horizontes.com\/?p=58110","title":{"rendered":"Supuesta v\u00edctima de un hombre con una m\u00e1scara de Trump se hiri\u00f3 a s\u00ed misma"},"content":{"rendered":"<div id=\"ArticleAuthorDiv\" class=\"article-body-author\"><b>EFE<\/b><\/div>\n<div id=\"ArticleSourceDiv\" class=\"article-body-author\"><b>Miami (EE.UU.)<\/b><\/div>\n<div id=\"ArticleBody\">\n<p>La polic\u00eda de Cape Coral, en el suroeste de Florida (EE.UU.), indic\u00f3 que una mujer que dijo haber sido apu\u00f1alada por un hombre que llevaba una m\u00e1scara del candidato republicano a la Casa Blanca, Donald Trump, se hiri\u00f3 a s\u00ed misma.<\/p>\n<p>Seg\u00fan el canal de televisi\u00f3n NBC 2, el Departamento de Polic\u00eda de Cape Coral, cerca de Fort Myers, lleg\u00f3 a esa conclusi\u00f3n tras una investigaci\u00f3n de los hechos.<\/p>\n<p>La mujer le dijo a los polic\u00edas que respondieron a una llamada suya que un hombre blanco vestido de color oscuro y con una m\u00e1scara de Trump que pretend\u00eda robar en su residencia la apu\u00f1al\u00f3.<\/p>\n<div id=\"FIOnDemandWrapper_fiInstance_102464_0_6691743\" class=\"FIOnDemandWrapper\"><\/div>\n<p>Como respuesta, la polic\u00eda, con ayuda de un helic\u00f3ptero, rastre\u00f3 durante varias horas el barrio, pero no logr\u00f3 hallar al supuesto agresor enmascarado, por lo que pidi\u00f3 a la poblaci\u00f3n que comunicase cualquier dato que pudiera llevar a su captura.<\/p>\n<p>Entre tanto, dijeron los medios locales, la v\u00edctima est\u00e1 siendo tratada en un hospital bajo la ley Baker, lo que significa que se est\u00e1 evaluando su salud mental.<\/p>\n<p>En las elecciones del pr\u00f3ximo 8 de noviembre, los estadounidenses decidir\u00e1n qui\u00e9n ser\u00e1 su pr\u00f3ximo presidente entre Trump, la dem\u00f3crata Hillary Clinton y dos candidatos minoritarios.<\/p>\n<p>Hoy lunes se celebra el primer debate cara a cara entre Clinton y Trump, cuando las encuestas no dan a ciencia cierta un ganador en estas polarizadas elecciones.<\/p>\n<\/div>\n","protected":false},"excerpt":{"rendered":"<p>EFE Miami (EE.UU.) La polic\u00eda de Cape Coral, en el suroeste de Florida (EE.UU.), indic\u00f3 que una mujer que dijo haber sido apu\u00f1alada por un hombre que llevaba una m\u00e1scara del candidato republicano a la Casa Blanca, Donald Trump, se hiri\u00f3 a s\u00ed misma. Seg\u00fan el canal de televisi\u00f3n NBC 2, el Departamento de Polic\u00eda [&hellip;]<\/p>\n","protected":false},"author":7,"featured_media":58111,"comment_status":"open","ping_status":"open","sticky":false,"template":"","format":"standard","meta":{"footnotes":""},"categories":[40],"tags":[],"class_list":["post-58110","post","type-post","status-publish","format-standard","has-post-thumbnail","hentry","category-internacionales"],"_links":{"self":[{"href":"https:\/\/2horizontes.com\/index.php?rest_route=\/wp\/v2\/posts\/58110","targetHints":{"allow":["GET"]}}],"collection":[{"href":"https:\/\/2horizontes.com\/index.php?rest_route=\/wp\/v2\/posts"}],"about":[{"href":"https:\/\/2horizontes.com\/index.php?rest_route=\/wp\/v2\/types\/post"}],"author":[{"embeddable":true,"href":"https:\/\/2horizontes.com\/index.php?rest_route=\/wp\/v2\/users\/7"}],"replies":[{"embeddable":true,"href":"https:\/\/2horizontes.com\/index.php?rest_route=%2Fwp%2Fv2%2Fcomments&post=58110"}],"version-history":[{"count":1,"href":"https:\/\/2horizontes.com\/index.php?rest_route=\/wp\/v2\/posts\/58110\/revisions"}],"predecessor-version":[{"id":58112,"href":"https:\/\/2horizontes.com\/index.php?rest_route=\/wp\/v2\/posts\/58110\/revisions\/58112"}],"wp:featuredmedia":[{"embeddable":true,"href":"https:\/\/2horizontes.com\/index.php?rest_route=\/wp\/v2\/media\/58111"}],"wp:attachment":[{"href":"https:\/\/2horizontes.com\/index.php?rest_route=%2Fwp%2Fv2%2Fmedia&parent=58110"}],"wp:term":[{"taxonomy":"category","embeddable":true,"href":"https:\/\/2horizontes.com\/index.php?rest_route=%2Fwp%2Fv2%2Fcategories&post=58110"},{"taxonomy":"post_tag","embeddable":true,"href":"https:\/\/2horizontes.com\/index.php?rest_route=%2Fwp%2Fv2%2Ftags&post=58110"}],"curies":[{"name":"wp","href":"https:\/\/api.w.org\/{rel}","templated":true}]}}