{"id":58101,"date":"2016-09-27T13:42:29","date_gmt":"2016-09-27T12:42:29","guid":{"rendered":"http:\/\/2horizontes.com\/?p=58101"},"modified":"2016-09-27T13:42:29","modified_gmt":"2016-09-27T12:42:29","slug":"santos-y-timochenko-firman-paz-en-colombia","status":"publish","type":"post","link":"https:\/\/2horizontes.com\/?p=58101","title":{"rendered":"Santos y \u201cTimochenko\u201d firman paz en Colombia"},"content":{"rendered":"<div id=\"ArticleAuthorDiv\" class=\"article-body-author\"><b>EFE<\/b><\/div>\n<div id=\"ArticleSourceDiv\" class=\"article-body-author\"><b>Cartagena (Colombia)<\/b><\/div>\n<div id=\"ArticleBody\">\n<p>El presidente de Colombia, Juan Manuel Santos, y el l\u00edder de las FARC, Rodrigo Londo\u00f1o Echeverri, alias \u201cTimochenko\u201d, firmaron ayer el acuerdo de paz que pone fin a m\u00e1s de medio siglo de conflicto armado.<\/p>\n<p>El acuerdo es fruto de casi cuatro a\u00f1os de di\u00e1logos entre el Gobierno y las FARC en La Habana y fue sellado en Cartagena de Indias ante m\u00e1s de 2.500 invitados, entre ellos unos 15 presidentes y el rey Juan Carlos.<\/p>\n<p>Primero lo firm\u00f3 \u201cTimochenko\u201d, que utiliz\u00f3 un \u201cbal\u00edgrafo\u201d, una bala reconvertida en bol\u00edgrafo que muestra la evoluci\u00f3n que tendr\u00e1 Colombia en su futuro.<\/p>\n<p>Al terminar levant\u00f3 los brazos y recibi\u00f3 una salva de aplausos mientras alzaba las manos cruzadas a modo de abrazo.<\/p>\n<p>Posteriormente, fue Santos el que estamp\u00f3 su firma en el acuerdo tambi\u00e9n con un \u201cbal\u00edgrafo\u201d.<\/p>\n<p>Fue jaleado por los invitados y al terminar le entreg\u00f3 a \u201cTimochenko\u201d una paloma de la paz que el l\u00edder guerrillero se puso, con alguna dificultad, en la solapa.<\/p>\n<p>Al terminar los dos se dieron la mano y tuvieron una peque\u00f1a conversaci\u00f3n con una sonrisa. Entre la audiencia se vieron algunas l\u00e1grimas como las derramadas por la primera dama, Mar\u00eda Clemencia Rodr\u00edguez de Santos. Como muestra del festejo los invitados, vestidos de riguroso blanco, sacudieron con pa\u00f1uelos la firma.<\/p>\n<p>Para unirse al festejo, un grupo de aviones de la Fuerza A\u00e9rea Colombiana (FAC) plasm\u00f3 la bandera colombiana en el cielo de Cartagena de Indias.<\/p>\n<p><strong>Reacci\u00f3n mundial<\/strong><br \/>\nLa ONU, la Unasur y varios pa\u00edses de la regi\u00f3n se unieron\u00a0 al j\u00fabilo de la mayor\u00eda de pol\u00edticos, gremios y ciudadanos colombianos que vieron hoy c\u00f3mo en La Habana culminaban con un acuerdo de paz las negociaciones entre su gobierno y la guerrilla m\u00e1s antigua de Am\u00e9rica.<\/p>\n<p>Luego de que en la capital cubana, sede de los di\u00e1logos, se anunciara el acuerdo entre el Gobierno y las FARC, tras casi cuatro a\u00f1os de negociaciones, el presidente Juan Manuel Santos se dirigi\u00f3 a los colombianos para ponerle fecha, el domingo 2 de octubre de este a\u00f1o, al plebiscito que debe refrendarlo.<\/p>\n<p>Las reacciones en Colombia y en el resto de Am\u00e9rica por el acuerdo logrado no se hicieron esperar y as\u00ed lleg\u00f3 la felicitaci\u00f3n del presidente de EEUU, Barack Obama, a su hom\u00f3logo colombiano en una conversaci\u00f3n telef\u00f3nica entre ambos.<\/p>\n<p>Seg\u00fan inform\u00f3 la Casa Blanca, Obama expres\u00f3 a Santos que \u201cEstados Unidos est\u00e1 orgulloso de apoyar a Colombia en su b\u00fasqueda de la paz\u201d.<\/p>\n<p>La Canciller\u00eda mexicana calific\u00f3 tambi\u00e9n como una \u201cexcelente noticia\u201d para Am\u00e9rica Latina y el resto del mundo el acuerdo de paz alcanzado entre el Gobierno de Colombia y las FARC tras casi cuatro a\u00f1os de negociaciones en Cuba, y prometi\u00f3 ayuda en la etapa de posconflicto.<\/p>\n<p>\u201cNosotros estamos muy contentos, es una muy buena noticia para Colombia, es una noticia muy buena para la regi\u00f3n (&#8230;) y es una excelente noticia tambi\u00e9n para el mundo\u201d, dijo a Efe la subsecretaria para Am\u00e9rica Latina y el Caribe, Socorro Flores.<\/p>\n<p>En Ecuador, el canciller Guillaume Long, escribi\u00f3 en su cuenta de Twitter: \u201cD\u00eda hist\u00f3rico para Colombia y para Am\u00e9rica Latina, con un acuerdo de paz que nos llena de alegr\u00eda y esperanza\u201d.<\/p>\n<p><strong>\u00a0DANILO MEDINA SE UNE A ALEGR\u00cdA POR EL ACUERDO\u00a0 <\/strong><br \/>\nEl presidente Danilo Medina proclam\u00f3 su satisfacci\u00f3n ante el momento hist\u00f3rico de reconciliaci\u00f3n del pueblo colombiano, con el que dijo unirse \u201ca la enorme alegr\u00eda que hoy embarga a Colombia\u2026.<\/p>\n<p>y a toda Am\u00e9rica Latina por el triunfo de la paz y la convivencia\u201d.<\/p>\n<p>Medina expres\u00f3 sus sentimientos a trav\u00e9s de su cuenta de Twitter @DaniloMedina.<\/p>\n<p>El mandatario dominicano es uno de los l\u00edderes mundiales invitados a la firma del Acuerdo de Paz entre el gobierno colombiano y las FARC-EP. \u201cEs un gran honor acompa\u00f1ar al pueblo colombiano en la firma de este Acuerdo de Paz, con el que se da inicio a una nueva etapa en su historia\u201d, dijo el presidente Medina.<\/p>\n<p>&nbsp;<\/p>\n<ul>\n<li><ins><a href=\"http:\/\/63.134.216.63:8026\/las-mundiales\/2016\/09\/25\/436590\/ministra-colombiana-dice-que-en-la-firma-de-la-paz-estara-representado-todo-el-pais\">&#8211; Ministra colombiana dice que en la firma de la paz estar\u00e1 representado todo el pa\u00eds<\/a><\/ins><br \/>\n<hr \/>\n<\/li>\n<li><a href=\"http:\/\/63.134.216.63:8026\/las-mundiales\/2016\/09\/26\/436617\/acuerdo-de-paz-de-colombia-297-paginas-para-concluir-52-anos-de-conflicto-armado\">&#8211; Acuerdo de Paz de Colombia: 297 p\u00e1ginas para concluir 52 a\u00f1os de conflicto armado<\/a><br \/>\n<hr \/>\n<\/li>\n<li><a href=\"http:\/\/63.134.216.63:8026\/las-mundiales\/2016\/09\/26\/436642\/llegan-dignatarios-a-firma-de-acuerdo\">&#8211; Llegan dignatarios a firma de acuerdo<\/a><br \/>\n<hr \/>\n<\/li>\n<li><a href=\"http:\/\/63.134.216.63:8026\/las-mundiales\/2016\/09\/26\/436643\/los-acuerdos-de-paz-en-colombia\">&#8211; Los acuerdos de paz en Colombia<\/a><br \/>\n<hr \/>\n<\/li>\n<li><a href=\"http:\/\/63.134.216.63:8026\/las-mundiales\/2016\/09\/26\/436643\/los-acuerdos-de-paz-en-colombia\">&#8211; <\/a><a href=\"http:\/\/63.134.216.63:8026\/las-mundiales\/2016\/09\/26\/436699\/jornada-de-la-paz-de-colombia-se-inicia-con-homenaje-de-santos-a-militares\">Jornada de la paz de Colombia se inicia con homenaje de Santos a militares<\/a><br \/>\n<hr \/>\n<\/li>\n<li><a href=\"http:\/\/63.134.216.63:8026\/las-mundiales\/2016\/09\/26\/436643\/los-acuerdos-de-paz-en-colombia\">&#8211; <\/a><a href=\"http:\/\/63.134.216.63:8026\/las-mundiales\/2016\/09\/26\/436700\/la-ue-considerara-retirar-a-las-farc-de-lista-terrorista-ante-la-firma-de-paz\">La UE considerar\u00e1 retirar a las FARC de lista terrorista ante la firma de paz<\/a><br \/>\n<hr \/>\n<\/li>\n<li><a href=\"http:\/\/63.134.216.63:8026\/las-mundiales\/2016\/09\/26\/436643\/los-acuerdos-de-paz-en-colombia\">&#8211; <\/a><a href=\"http:\/\/63.134.216.63:8026\/las-mundiales\/2016\/09\/26\/436722\/comienza-ceremonia-ecumenica-por-la-paz-en-colombia\">Comienza ceremonia ecum\u00e9nica por la paz en Colombia<\/a><\/li>\n<li>\n<hr \/>\n<p>&#8211; <a href=\"http:\/\/63.134.216.63:8026\/las-mundiales\/2016\/09\/26\/436727\/la-union-europea-suspende-a-las-farc-de-su-lista-de-organizaciones-terroristas\">La Uni\u00f3n Europea suspende a las FARC de su lista de organizaciones terroristas<\/a><\/li>\n<li>\n<hr \/>\n<\/li>\n<\/ul>\n<p>&nbsp;<\/p>\n<\/div>\n","protected":false},"excerpt":{"rendered":"<p>EFE Cartagena (Colombia) El presidente de Colombia, Juan Manuel Santos, y el l\u00edder de las FARC, Rodrigo Londo\u00f1o Echeverri, alias \u201cTimochenko\u201d, firmaron ayer el acuerdo de paz que pone fin a m\u00e1s de medio siglo de conflicto armado. El acuerdo es fruto de casi cuatro a\u00f1os de di\u00e1logos entre el Gobierno y las FARC en [&hellip;]<\/p>\n","protected":false},"author":7,"featured_media":58102,"comment_status":"open","ping_status":"open","sticky":false,"template":"","format":"standard","meta":{"footnotes":""},"categories":[50,40,43],"tags":[],"class_list":["post-58101","post","type-post","status-publish","format-standard","has-post-thumbnail","hentry","category-colombia","category-internacionales","category-politica"],"_links":{"self":[{"href":"https:\/\/2horizontes.com\/index.php?rest_route=\/wp\/v2\/posts\/58101","targetHints":{"allow":["GET"]}}],"collection":[{"href":"https:\/\/2horizontes.com\/index.php?rest_route=\/wp\/v2\/posts"}],"about":[{"href":"https:\/\/2horizontes.com\/index.php?rest_route=\/wp\/v2\/types\/post"}],"author":[{"embeddable":true,"href":"https:\/\/2horizontes.com\/index.php?rest_route=\/wp\/v2\/users\/7"}],"replies":[{"embeddable":true,"href":"https:\/\/2horizontes.com\/index.php?rest_route=%2Fwp%2Fv2%2Fcomments&post=58101"}],"version-history":[{"count":1,"href":"https:\/\/2horizontes.com\/index.php?rest_route=\/wp\/v2\/posts\/58101\/revisions"}],"predecessor-version":[{"id":58103,"href":"https:\/\/2horizontes.com\/index.php?rest_route=\/wp\/v2\/posts\/58101\/revisions\/58103"}],"wp:featuredmedia":[{"embeddable":true,"href":"https:\/\/2horizontes.com\/index.php?rest_route=\/wp\/v2\/media\/58102"}],"wp:attachment":[{"href":"https:\/\/2horizontes.com\/index.php?rest_route=%2Fwp%2Fv2%2Fmedia&parent=58101"}],"wp:term":[{"taxonomy":"category","embeddable":true,"href":"https:\/\/2horizontes.com\/index.php?rest_route=%2Fwp%2Fv2%2Fcategories&post=58101"},{"taxonomy":"post_tag","embeddable":true,"href":"https:\/\/2horizontes.com\/index.php?rest_route=%2Fwp%2Fv2%2Ftags&post=58101"}],"curies":[{"name":"wp","href":"https:\/\/api.w.org\/{rel}","templated":true}]}}