{"id":58098,"date":"2016-09-26T16:46:52","date_gmt":"2016-09-26T15:46:52","guid":{"rendered":"http:\/\/2horizontes.com\/?p=58098"},"modified":"2016-09-26T16:51:59","modified_gmt":"2016-09-26T15:51:59","slug":"primer-grupo-de-victimas-llega-a-cartagena-para-acudir-a-firma-de-paz","status":"publish","type":"post","link":"https:\/\/2horizontes.com\/?p=58098","title":{"rendered":"Primer grupo de v\u00edctimas llega a Cartagena para acudir a firma de paz"},"content":{"rendered":"<p>CARTAGENA (Colombia). El primer grupo de v\u00edctimas que acudir\u00e1 a la firma de la paz de Colombia lleg\u00f3 hoy a Cartagena de Indias en un vuelo de la Fuerza A\u00e9rea con algunas de las caras m\u00e1s reconocidas que ha dejado medio siglo de conflicto armado.<\/p>\n<p>Entre ellos se encuentra Marisol Garz\u00f3n, hermana del c\u00f3mico y periodista Jaime Garz\u00f3n que fue asesinado en 1999, y la directora de la Asociaci\u00f3n Colombiana de Familiares de Miembros de la Fuerza P\u00fablica Retenidos y Liberados por Grupos Guerrilleros (Asfamipaz), Marleny Orjuela.<\/p>\n<p>Adem\u00e1s, aterriz\u00f3 en el aeropuerto Rafael N\u00fa\u00f1ez de Cartagena Emperatriz Castro de Guevara, madre del coronel de la Polic\u00eda Juli\u00e1n Ernesto Guevara, que muri\u00f3 cuando permanec\u00eda secuestrado por las FARC.<\/p>\n<p>Las v\u00edctimas del conflicto llegaron junto a un grupo de m\u00fasicos con sus instrumentos.<\/p>\n<p>Tras aterrizar no hicieron declaraciones a la prensa, se subieron a unos autobuses que los trasladaron a la ciudad donde esperar\u00e1n pacientemente hasta las 17.00 hora local (22.00 GMT).<\/p>\n<p>A esa hora en la Plaza de Banderas del Centro de Convenciones Julio C\u00e9sar Turbay el presidente Juan Manuel Santos y el l\u00edder de las FARC, Rodrigo Londo\u00f1o Echeverri, alias \u201cTimochenko\u201d, firmar\u00e1n el acuerdo de paz que pone fin a m\u00e1s de medio siglo de conflicto armado.<\/p>\n<p>En total, se espera que lleguen a la firma m\u00e1s de 250 v\u00edctimas en tres vuelos diferentes, uno de Bogot\u00e1, el que ya aterriz\u00f3, otro de Medell\u00edn y uno m\u00e1s de Cali.<\/p>\n<p>Esas 250 personas representan a todos los colectivos de v\u00edctimas y hay ciudadanos de numerosos departamentos del pa\u00eds como Alberto Vidal, que sufri\u00f3 desplazamiento forzoso, Karen Grisales, l\u00edder de un proyecto de apropiaci\u00f3n del espacio urbano.<\/p>\n<p>Adem\u00e1s, acudieron Luz Eneida Navarro, que sobrevivi\u00f3 a un atentado contra toda su familia y organiz\u00f3 la asociaci\u00f3n \u201cSenderos de paz\u201d, Esaud Lemus, tambi\u00e9n desplazado, y Blanca Nelly Daza, miembro de la asociaci\u00f3n \u201cCaminos de Esperanza, Madres de la Candelaria\u201d que busca a j\u00f3venes desaparecidos en el conflicto armado<\/p>\n","protected":false},"excerpt":{"rendered":"<p>CARTAGENA (Colombia). El primer grupo de v\u00edctimas que acudir\u00e1 a la firma de la paz de Colombia lleg\u00f3 hoy a Cartagena de Indias en un vuelo de la Fuerza A\u00e9rea con algunas de las caras m\u00e1s reconocidas que ha dejado medio siglo de conflicto armado. Entre ellos se encuentra Marisol Garz\u00f3n, hermana del c\u00f3mico y [&hellip;]<\/p>\n","protected":false},"author":13240,"featured_media":58100,"comment_status":"open","ping_status":"open","sticky":false,"template":"","format":"standard","meta":{"footnotes":""},"categories":[50,40,43],"tags":[],"class_list":["post-58098","post","type-post","status-publish","format-standard","has-post-thumbnail","hentry","category-colombia","category-internacionales","category-politica"],"_links":{"self":[{"href":"https:\/\/2horizontes.com\/index.php?rest_route=\/wp\/v2\/posts\/58098","targetHints":{"allow":["GET"]}}],"collection":[{"href":"https:\/\/2horizontes.com\/index.php?rest_route=\/wp\/v2\/posts"}],"about":[{"href":"https:\/\/2horizontes.com\/index.php?rest_route=\/wp\/v2\/types\/post"}],"author":[{"embeddable":true,"href":"https:\/\/2horizontes.com\/index.php?rest_route=\/wp\/v2\/users\/13240"}],"replies":[{"embeddable":true,"href":"https:\/\/2horizontes.com\/index.php?rest_route=%2Fwp%2Fv2%2Fcomments&post=58098"}],"version-history":[{"count":1,"href":"https:\/\/2horizontes.com\/index.php?rest_route=\/wp\/v2\/posts\/58098\/revisions"}],"predecessor-version":[{"id":58099,"href":"https:\/\/2horizontes.com\/index.php?rest_route=\/wp\/v2\/posts\/58098\/revisions\/58099"}],"wp:featuredmedia":[{"embeddable":true,"href":"https:\/\/2horizontes.com\/index.php?rest_route=\/wp\/v2\/media\/58100"}],"wp:attachment":[{"href":"https:\/\/2horizontes.com\/index.php?rest_route=%2Fwp%2Fv2%2Fmedia&parent=58098"}],"wp:term":[{"taxonomy":"category","embeddable":true,"href":"https:\/\/2horizontes.com\/index.php?rest_route=%2Fwp%2Fv2%2Fcategories&post=58098"},{"taxonomy":"post_tag","embeddable":true,"href":"https:\/\/2horizontes.com\/index.php?rest_route=%2Fwp%2Fv2%2Ftags&post=58098"}],"curies":[{"name":"wp","href":"https:\/\/api.w.org\/{rel}","templated":true}]}}