{"id":58016,"date":"2016-09-26T09:54:33","date_gmt":"2016-09-26T08:54:33","guid":{"rendered":"http:\/\/2horizontes.com\/?p=58016"},"modified":"2016-09-26T09:54:33","modified_gmt":"2016-09-26T08:54:33","slug":"raque-mosquera-ingresada-tras-reaparecer-en-television","status":"publish","type":"post","link":"https:\/\/2horizontes.com\/?p=58016","title":{"rendered":"Raque Mosquera, ingresada tras reaparecer en televisi\u00f3n"},"content":{"rendered":"<p>A Raquel Mosquera no le sienta bien la televisi\u00f3n. Y es que pocos d\u00edas despu\u00e9s de haber aparecido nuevamente en un programa como S\u00e1lvame Deluxe para hablar sobre la relaci\u00f3n del que fuera su marido, Pedro Carrasco, y su hija Roc\u00edo Carrsco, ha tenido serios problemas de salud. Al parecer, la peluquera ha tenido que ser ingresada en la Unidad de Psiquiatr\u00eda del Hospital Puerta de Hierro de Madrid.<\/p>\n<p>Un brote psic\u00f3tico habr\u00eda sido el detonante que habr\u00eda hecho que Raquel Mosquera se desplazase hasta la cl\u00ednica donde fue ingresada de urgencia. El parte m\u00e9dico ser\u00eda similar al de 2008, cuando ya tuvo que permanecer ingresada en la L\u00f3pez Ibor durante d\u00edas para superar los graves trastornos ps\u00edquicos que presentaba.<\/p>\n","protected":false},"excerpt":{"rendered":"<p>A Raquel Mosquera no le sienta bien la televisi\u00f3n. Y es que pocos d\u00edas despu\u00e9s de haber aparecido nuevamente en un programa como S\u00e1lvame Deluxe para hablar sobre la relaci\u00f3n del que fuera su marido, Pedro Carrasco, y su hija Roc\u00edo Carrsco, ha tenido serios problemas de salud. Al parecer, la peluquera ha tenido que [&hellip;]<\/p>\n","protected":false},"author":3,"featured_media":58017,"comment_status":"open","ping_status":"open","sticky":false,"template":"","format":"standard","meta":{"footnotes":""},"categories":[1],"tags":[],"class_list":["post-58016","post","type-post","status-publish","format-standard","has-post-thumbnail","hentry","category-entretenimiento"],"_links":{"self":[{"href":"https:\/\/2horizontes.com\/index.php?rest_route=\/wp\/v2\/posts\/58016","targetHints":{"allow":["GET"]}}],"collection":[{"href":"https:\/\/2horizontes.com\/index.php?rest_route=\/wp\/v2\/posts"}],"about":[{"href":"https:\/\/2horizontes.com\/index.php?rest_route=\/wp\/v2\/types\/post"}],"author":[{"embeddable":true,"href":"https:\/\/2horizontes.com\/index.php?rest_route=\/wp\/v2\/users\/3"}],"replies":[{"embeddable":true,"href":"https:\/\/2horizontes.com\/index.php?rest_route=%2Fwp%2Fv2%2Fcomments&post=58016"}],"version-history":[{"count":1,"href":"https:\/\/2horizontes.com\/index.php?rest_route=\/wp\/v2\/posts\/58016\/revisions"}],"predecessor-version":[{"id":58018,"href":"https:\/\/2horizontes.com\/index.php?rest_route=\/wp\/v2\/posts\/58016\/revisions\/58018"}],"wp:featuredmedia":[{"embeddable":true,"href":"https:\/\/2horizontes.com\/index.php?rest_route=\/wp\/v2\/media\/58017"}],"wp:attachment":[{"href":"https:\/\/2horizontes.com\/index.php?rest_route=%2Fwp%2Fv2%2Fmedia&parent=58016"}],"wp:term":[{"taxonomy":"category","embeddable":true,"href":"https:\/\/2horizontes.com\/index.php?rest_route=%2Fwp%2Fv2%2Fcategories&post=58016"},{"taxonomy":"post_tag","embeddable":true,"href":"https:\/\/2horizontes.com\/index.php?rest_route=%2Fwp%2Fv2%2Ftags&post=58016"}],"curies":[{"name":"wp","href":"https:\/\/api.w.org\/{rel}","templated":true}]}}