{"id":5792,"date":"2015-05-05T19:02:02","date_gmt":"2015-05-05T18:02:02","guid":{"rendered":"http:\/\/2horizontes.com\/?p=5792"},"modified":"2015-05-05T19:02:02","modified_gmt":"2015-05-05T18:02:02","slug":"el-alfa-es-castigado-con-limpiar-la-plaza-de-la-bandera-por-15-dias-y-cantar-el-himno","status":"publish","type":"post","link":"https:\/\/2horizontes.com\/?p=5792","title":{"rendered":"\u201cEl Alfa\u201d es castigado con limpiar la Plaza de la Bandera por 15 d\u00edas y cantar el Himno"},"content":{"rendered":"<p>SANTO DOMINGO.- El cantante urbano Enmanuel Herrera (El Alfa) tendr\u00e1 que limpiar la Plaza de la Bandera durante 15 d\u00edas y cantar el Himno Nacional de la Rep\u00fablica Dominicana como castigo por las<b> palabras obscenas<\/b> que profiri\u00f3 contra los Padres de la Patria.<\/p>\n<p>Tessie S\u00e1nchez, encargada de Comunicaciones de la Procuradur\u00eda General de la Rep\u00fabica, escribi\u00f3 en su en su cuenta de Twitter que el artista \u201cha mostrado arrepentimiento y deseos de resarcir con acciones positivas el malestar y el respeto que conllev\u00f3 su acci\u00f3n\u201d.<\/p>\n<p>Agreg\u00f3 que El Alfa ser\u00e1 asesorado por el Instituto Duartiano para emprender acciones que enaltezcan la figura del patricio Juan Pablo Duarte y los s\u00edmbolos patrios.<\/p>\n<p>El Alfa fue apresado la semana pasada por haber difundido un video en las redes sociales insultando a los padres de la patria.<\/p>\n<p>El cantante fue entregado por su abogado, por instrucciones del procurador general adjunto John Henry Reynoso.<\/p>\n<p>El video\u00a0 muestra a El Alfa film\u00e1ndose con un celular en la Plaza de la Bandera y vociferando e insultando con malas palabras a los fundadores de la Rep\u00fablica Dominicana.<\/p>\n","protected":false},"excerpt":{"rendered":"<p>SANTO DOMINGO.- El cantante urbano Enmanuel Herrera (El Alfa) tendr\u00e1 que limpiar la Plaza de la Bandera durante 15 d\u00edas y cantar el Himno Nacional de la Rep\u00fablica Dominicana como castigo por las palabras obscenas que profiri\u00f3 contra los Padres de la Patria. Tessie S\u00e1nchez, encargada de Comunicaciones de la Procuradur\u00eda General de la Rep\u00fabica, [&hellip;]<\/p>\n","protected":false},"author":4,"featured_media":5793,"comment_status":"open","ping_status":"open","sticky":false,"template":"","format":"standard","meta":{"footnotes":""},"categories":[1,44],"tags":[],"class_list":["post-5792","post","type-post","status-publish","format-standard","has-post-thumbnail","hentry","category-entretenimiento","category-republica-dominicana"],"_links":{"self":[{"href":"https:\/\/2horizontes.com\/index.php?rest_route=\/wp\/v2\/posts\/5792","targetHints":{"allow":["GET"]}}],"collection":[{"href":"https:\/\/2horizontes.com\/index.php?rest_route=\/wp\/v2\/posts"}],"about":[{"href":"https:\/\/2horizontes.com\/index.php?rest_route=\/wp\/v2\/types\/post"}],"author":[{"embeddable":true,"href":"https:\/\/2horizontes.com\/index.php?rest_route=\/wp\/v2\/users\/4"}],"replies":[{"embeddable":true,"href":"https:\/\/2horizontes.com\/index.php?rest_route=%2Fwp%2Fv2%2Fcomments&post=5792"}],"version-history":[{"count":1,"href":"https:\/\/2horizontes.com\/index.php?rest_route=\/wp\/v2\/posts\/5792\/revisions"}],"predecessor-version":[{"id":5794,"href":"https:\/\/2horizontes.com\/index.php?rest_route=\/wp\/v2\/posts\/5792\/revisions\/5794"}],"wp:featuredmedia":[{"embeddable":true,"href":"https:\/\/2horizontes.com\/index.php?rest_route=\/wp\/v2\/media\/5793"}],"wp:attachment":[{"href":"https:\/\/2horizontes.com\/index.php?rest_route=%2Fwp%2Fv2%2Fmedia&parent=5792"}],"wp:term":[{"taxonomy":"category","embeddable":true,"href":"https:\/\/2horizontes.com\/index.php?rest_route=%2Fwp%2Fv2%2Fcategories&post=5792"},{"taxonomy":"post_tag","embeddable":true,"href":"https:\/\/2horizontes.com\/index.php?rest_route=%2Fwp%2Fv2%2Ftags&post=5792"}],"curies":[{"name":"wp","href":"https:\/\/api.w.org\/{rel}","templated":true}]}}