{"id":57905,"date":"2016-09-23T10:39:41","date_gmt":"2016-09-23T09:39:41","guid":{"rendered":"http:\/\/2horizontes.com\/?p=57905"},"modified":"2016-09-23T10:39:41","modified_gmt":"2016-09-23T09:39:41","slug":"mourinho-quiso-partir-la-cara-a-wenger-en-2014","status":"publish","type":"post","link":"https:\/\/2horizontes.com\/?p=57905","title":{"rendered":"Mourinho quiso \u201cpartir la cara\u201d a Wenger en 2014"},"content":{"rendered":"<p>La enemistad entre Arsene Wenger y Jos\u00e9 Mourinho es p\u00fablica y notoria desde hace muchos a\u00f1os, desde que los dos comenzaron a coincidir en los banquillos de la Premier. Una enemistad que ha traspasado varias veces los l\u00edmites de lo deportivo. Un libro publicado en Inglaterra sobre el t\u00e9cnico luso ha destapado un nuevo cap\u00edtulo de esta rivalidad mal entendida, en el que casi llegan a las manos.<\/p>\n<p>En \u201cJos\u00e9 Mourinho, \u00edntimo y personal\u201d, una obra editada por Sportsmail y escrita por Rob Beasley, se desvela que durante el mercado de invierno de 2014 surgieron algo m\u00e1s que tensiones entre Mourinho y Wenger. La culpa de todo la tuvo el traspaso de Juan Mata del Chelsea al Manchester United, una operaci\u00f3n que no entendi\u00f3 el preparador alsaciano al considerar que Mou reforzaba a un rival directo sin justificaci\u00f3n.<\/p>\n<p>Wenger hizo p\u00fablicas sus quejas y a Mourinho no le sentaron nada bien. De hecho, en una de sus conversaciones con el autor del libro, confes\u00f3 que \u201cun d\u00eda me voy a encontrar a Wenger fuera del terreno de juego y le voy a partir la cara\u201d. Podo despu\u00e9s, el Arsenal fue destrozado en Stamford Bridge (6-0) por el Chelsea, en un encuentro en el que la tensi\u00f3n en los banquillos fue m\u00e1xima.<\/p>\n","protected":false},"excerpt":{"rendered":"<p>La enemistad entre Arsene Wenger y Jos\u00e9 Mourinho es p\u00fablica y notoria desde hace muchos a\u00f1os, desde que los dos comenzaron a coincidir en los banquillos de la Premier. Una enemistad que ha traspasado varias veces los l\u00edmites de lo deportivo. Un libro publicado en Inglaterra sobre el t\u00e9cnico luso ha destapado un nuevo cap\u00edtulo [&hellip;]<\/p>\n","protected":false},"author":3,"featured_media":57906,"comment_status":"open","ping_status":"open","sticky":false,"template":"","format":"standard","meta":{"footnotes":""},"categories":[42],"tags":[],"class_list":["post-57905","post","type-post","status-publish","format-standard","has-post-thumbnail","hentry","category-deportes"],"_links":{"self":[{"href":"https:\/\/2horizontes.com\/index.php?rest_route=\/wp\/v2\/posts\/57905","targetHints":{"allow":["GET"]}}],"collection":[{"href":"https:\/\/2horizontes.com\/index.php?rest_route=\/wp\/v2\/posts"}],"about":[{"href":"https:\/\/2horizontes.com\/index.php?rest_route=\/wp\/v2\/types\/post"}],"author":[{"embeddable":true,"href":"https:\/\/2horizontes.com\/index.php?rest_route=\/wp\/v2\/users\/3"}],"replies":[{"embeddable":true,"href":"https:\/\/2horizontes.com\/index.php?rest_route=%2Fwp%2Fv2%2Fcomments&post=57905"}],"version-history":[{"count":1,"href":"https:\/\/2horizontes.com\/index.php?rest_route=\/wp\/v2\/posts\/57905\/revisions"}],"predecessor-version":[{"id":57907,"href":"https:\/\/2horizontes.com\/index.php?rest_route=\/wp\/v2\/posts\/57905\/revisions\/57907"}],"wp:featuredmedia":[{"embeddable":true,"href":"https:\/\/2horizontes.com\/index.php?rest_route=\/wp\/v2\/media\/57906"}],"wp:attachment":[{"href":"https:\/\/2horizontes.com\/index.php?rest_route=%2Fwp%2Fv2%2Fmedia&parent=57905"}],"wp:term":[{"taxonomy":"category","embeddable":true,"href":"https:\/\/2horizontes.com\/index.php?rest_route=%2Fwp%2Fv2%2Fcategories&post=57905"},{"taxonomy":"post_tag","embeddable":true,"href":"https:\/\/2horizontes.com\/index.php?rest_route=%2Fwp%2Fv2%2Ftags&post=57905"}],"curies":[{"name":"wp","href":"https:\/\/api.w.org\/{rel}","templated":true}]}}