{"id":57886,"date":"2016-09-22T15:48:10","date_gmt":"2016-09-22T14:48:10","guid":{"rendered":"http:\/\/2horizontes.com\/?p=57886"},"modified":"2016-09-22T15:48:10","modified_gmt":"2016-09-22T14:48:10","slug":"fallece-periodista-dominicano-frank-pena-tapia","status":"publish","type":"post","link":"https:\/\/2horizontes.com\/?p=57886","title":{"rendered":"Fallece periodista dominicano Frank Pe\u00f1a Tapia"},"content":{"rendered":"<div class=\"detalle-texto\">\n<div class=\"text\">\n<p>SANTO DOMINGO. El periodista dominicano Francisco Pe\u00f1a Tapia (Frank) falleci\u00f3 en la tarde de ayer de leucemia, seg\u00fan inform\u00f3 su esposa, la tambi\u00e9n periodista Sandra Meyer de Pe\u00f1a.<\/p>\n<p>Previo a su deceso, Pe\u00f1a Tapia estuvo ingresado en el Centro de Diagn\u00f3stico y Medicina Avanzada y de Conferencias M\u00e9dicas (CEDIMAT) y en el Centro M\u00e9dico de Obstetricia y Ginecolog\u00eda.<\/p>\n<p>Sus restos son velados desde las 6:00 de la tarde de ayer en la Funeraria Blandino, de la avenida Sabana Larga y ser\u00e1n sepultados en el cementerio Cristo Redentor este viernes. El sepelio partir\u00e1 a las 11 de la ma\u00f1ana.<\/p>\n<p>A Pe\u00f1a Tapia le sobreviven su compa\u00f1era de toda la vida, Sandra Meyer de Pe\u00f1a y sus hijos Emil, Ayesha, Omar y Francis.<\/p>\n<p>Pe\u00f1a Tapia, adem\u00e1s de periodista, fue un destacado militante de izquierda que form\u00f3 parte, junto a Rafael (Fafa) Taveras, Rafael (Cucuyo) B\u00e1ez P\u00e9rez y Mois\u00e9s Blanco Genao, en el N\u00facleo Comunista de los Trabajadores y el Bloque Socialista, donde ejerci\u00f3 el periodismo pol\u00edtico.<\/p>\n<p>Period\u00edsticamente se inici\u00f3 a finales de la d\u00e9cada de 1970 como encargado de prensa de la Central General de Trabajadores (CGT), bajo la direcci\u00f3n del sindicalista Francisco Antonio Santos.<\/p>\n<p>Durante la d\u00e9cada de 1980, Frank Pe\u00f1a Tapia labor\u00f3 como encargado de comunicaci\u00f3n del Centro de Investigaci\u00f3n y Apoyo Cultural (CIAC), que dirig\u00eda Josefina Padilla, donde editaba un bolet\u00edn mensual y laboraba para la Agencia de Prensa Socialista Latinoamericana, con sede en Canad\u00e1.<\/p>\n<p>Natural de El Caimito, Moca, estudi\u00f3 en el Instituto Dominicano de Periodismo (IDP) y se gradu\u00f3 en Ciencias de la Comunicaci\u00f3n Social en la Universidad Aut\u00f3noma de Santo Domingo (UASD), en la promoci\u00f3n de 1976.<\/p>\n<p>Fue fundador del Departamento de Comunicaci\u00f3n de las Cooperativa Nacional de Servicios M\u00faltiples de los Maestros (COOPNAMA), donde labor\u00f3 por espacio de 15 a\u00f1os.<\/p>\n<p>En compa\u00f1\u00eda del periodista no vidente Fausto Bueno Bueno fund\u00f3 el programa radial \u201cAl Tanto\u201d, en Radio Comercial, que acaba de cumplir 35 a\u00f1os, donde Pe\u00f1a Tapia labor\u00f3 ininterrumpidamente por espacio de 15 a\u00f1os.<\/p>\n<\/div>\n<\/div>\n","protected":false},"excerpt":{"rendered":"<p>SANTO DOMINGO. El periodista dominicano Francisco Pe\u00f1a Tapia (Frank) falleci\u00f3 en la tarde de ayer de leucemia, seg\u00fan inform\u00f3 su esposa, la tambi\u00e9n periodista Sandra Meyer de Pe\u00f1a. Previo a su deceso, Pe\u00f1a Tapia estuvo ingresado en el Centro de Diagn\u00f3stico y Medicina Avanzada y de Conferencias M\u00e9dicas (CEDIMAT) y en el Centro M\u00e9dico de [&hellip;]<\/p>\n","protected":false},"author":13240,"featured_media":57889,"comment_status":"open","ping_status":"open","sticky":false,"template":"","format":"standard","meta":{"footnotes":""},"categories":[56,44],"tags":[],"class_list":["post-57886","post","type-post","status-publish","format-standard","has-post-thumbnail","hentry","category-notas-luctuosas","category-republica-dominicana"],"_links":{"self":[{"href":"https:\/\/2horizontes.com\/index.php?rest_route=\/wp\/v2\/posts\/57886","targetHints":{"allow":["GET"]}}],"collection":[{"href":"https:\/\/2horizontes.com\/index.php?rest_route=\/wp\/v2\/posts"}],"about":[{"href":"https:\/\/2horizontes.com\/index.php?rest_route=\/wp\/v2\/types\/post"}],"author":[{"embeddable":true,"href":"https:\/\/2horizontes.com\/index.php?rest_route=\/wp\/v2\/users\/13240"}],"replies":[{"embeddable":true,"href":"https:\/\/2horizontes.com\/index.php?rest_route=%2Fwp%2Fv2%2Fcomments&post=57886"}],"version-history":[{"count":1,"href":"https:\/\/2horizontes.com\/index.php?rest_route=\/wp\/v2\/posts\/57886\/revisions"}],"predecessor-version":[{"id":57890,"href":"https:\/\/2horizontes.com\/index.php?rest_route=\/wp\/v2\/posts\/57886\/revisions\/57890"}],"wp:featuredmedia":[{"embeddable":true,"href":"https:\/\/2horizontes.com\/index.php?rest_route=\/wp\/v2\/media\/57889"}],"wp:attachment":[{"href":"https:\/\/2horizontes.com\/index.php?rest_route=%2Fwp%2Fv2%2Fmedia&parent=57886"}],"wp:term":[{"taxonomy":"category","embeddable":true,"href":"https:\/\/2horizontes.com\/index.php?rest_route=%2Fwp%2Fv2%2Fcategories&post=57886"},{"taxonomy":"post_tag","embeddable":true,"href":"https:\/\/2horizontes.com\/index.php?rest_route=%2Fwp%2Fv2%2Ftags&post=57886"}],"curies":[{"name":"wp","href":"https:\/\/api.w.org\/{rel}","templated":true}]}}