{"id":57793,"date":"2016-09-21T18:10:24","date_gmt":"2016-09-21T17:10:24","guid":{"rendered":"http:\/\/2horizontes.com\/?p=57793"},"modified":"2016-09-21T18:10:24","modified_gmt":"2016-09-21T17:10:24","slug":"latin-grammy-juan-gabriel-fue-nominado-a-los-premios-que-nunca-gano","status":"publish","type":"post","link":"https:\/\/2horizontes.com\/?p=57793","title":{"rendered":"Latin Grammy: Juan Gabriel fue nominado a los premios que nunca gan\u00f3"},"content":{"rendered":"<p>El mexicano Juan Gabriel, cuya reciente muerte entristeci\u00f3 a Iberoam\u00e9rica, fue nominado el mi\u00e9rcoles a dos premios Grammy Latinos, una distinci\u00f3n que jam\u00e1s recibi\u00f3 en vida y que de manera p\u00f3stuma podr\u00eda obtener con su \u00e1lbum <em>Los D\u00fao 2<\/em>.<\/p>\n<p>Las nominaciones son para: Mejor \u00c1lbum del A\u00f1o y Mejor \u00c1lbum Local Pop Tradicional 2016, en una producci\u00f3n que incluy\u00f3 grabaciones a d\u00fao con una constelaci\u00f3n de estrellas del continente.<\/p>\n<p>Postulado a los Grammy Latinos en siete ocasiones, el \u201cDivo de Ju\u00e1rez\u201d jam\u00e1s logr\u00f3 hacerse del gram\u00f3fono dorado que entrega la Academia Latina de Grabaci\u00f3n, por su vasta creaci\u00f3n musical. Aunque en 2009, la entidad lo nombr\u00f3 Persona del A\u00f1o.<\/p>\n<p>Juan Gabriel, que muri\u00f3 en Estados Unidos el 28 de agosto a los 66 a\u00f1os, v\u00edctima de un infarto, obtuvo este a\u00f1o el premio Billboard por Latin Pop Album del A\u00f1o, por el disco \u201cLos Duo\u201d, primer volumen de la producci\u00f3n que hoy lo coloca en una competencia musical, desde el m\u00e1s all\u00e1.<\/p>\n<p>En <em>Los D\u00fao 2<\/em>, lanzado a fines de 2015, participan cantantes como Marc Anthony, Alejandro Fernandez, Franco de Vita, Jos\u00e9 Feliciano, Ana Gabriel y el regueatonero Wisin.<\/p>\n<p>En <em>Los D\u00fao<\/em>, la primera producci\u00f3n, grab\u00f3 el cl\u00e1sico \u201cQuerida\u201d con Juanes, y cont\u00f3 tambi\u00e9n con la presencia de Alejandra Guzman, Isabel Pantoja y Jesse &amp; Joy.\u201cJuanga\u201d recibi\u00f3 m\u00e1s de 1.000 discos de oro, platino y multiplatino a lo largo de su trayectoria.<\/p>\n","protected":false},"excerpt":{"rendered":"<p>El mexicano Juan Gabriel, cuya reciente muerte entristeci\u00f3 a Iberoam\u00e9rica, fue nominado el mi\u00e9rcoles a dos premios Grammy Latinos, una distinci\u00f3n que jam\u00e1s recibi\u00f3 en vida y que de manera p\u00f3stuma podr\u00eda obtener con su \u00e1lbum Los D\u00fao 2. Las nominaciones son para: Mejor \u00c1lbum del A\u00f1o y Mejor \u00c1lbum Local Pop Tradicional 2016, en [&hellip;]<\/p>\n","protected":false},"author":13240,"featured_media":57797,"comment_status":"open","ping_status":"open","sticky":false,"template":"","format":"standard","meta":{"footnotes":""},"categories":[1,40],"tags":[],"class_list":["post-57793","post","type-post","status-publish","format-standard","has-post-thumbnail","hentry","category-entretenimiento","category-internacionales"],"_links":{"self":[{"href":"https:\/\/2horizontes.com\/index.php?rest_route=\/wp\/v2\/posts\/57793","targetHints":{"allow":["GET"]}}],"collection":[{"href":"https:\/\/2horizontes.com\/index.php?rest_route=\/wp\/v2\/posts"}],"about":[{"href":"https:\/\/2horizontes.com\/index.php?rest_route=\/wp\/v2\/types\/post"}],"author":[{"embeddable":true,"href":"https:\/\/2horizontes.com\/index.php?rest_route=\/wp\/v2\/users\/13240"}],"replies":[{"embeddable":true,"href":"https:\/\/2horizontes.com\/index.php?rest_route=%2Fwp%2Fv2%2Fcomments&post=57793"}],"version-history":[{"count":1,"href":"https:\/\/2horizontes.com\/index.php?rest_route=\/wp\/v2\/posts\/57793\/revisions"}],"predecessor-version":[{"id":57798,"href":"https:\/\/2horizontes.com\/index.php?rest_route=\/wp\/v2\/posts\/57793\/revisions\/57798"}],"wp:featuredmedia":[{"embeddable":true,"href":"https:\/\/2horizontes.com\/index.php?rest_route=\/wp\/v2\/media\/57797"}],"wp:attachment":[{"href":"https:\/\/2horizontes.com\/index.php?rest_route=%2Fwp%2Fv2%2Fmedia&parent=57793"}],"wp:term":[{"taxonomy":"category","embeddable":true,"href":"https:\/\/2horizontes.com\/index.php?rest_route=%2Fwp%2Fv2%2Fcategories&post=57793"},{"taxonomy":"post_tag","embeddable":true,"href":"https:\/\/2horizontes.com\/index.php?rest_route=%2Fwp%2Fv2%2Ftags&post=57793"}],"curies":[{"name":"wp","href":"https:\/\/api.w.org\/{rel}","templated":true}]}}