{"id":57773,"date":"2016-09-21T12:17:19","date_gmt":"2016-09-21T11:17:19","guid":{"rendered":"http:\/\/2horizontes.com\/?p=57773"},"modified":"2016-09-21T12:17:19","modified_gmt":"2016-09-21T11:17:19","slug":"el-ei-difunde-video-de-asesinato-de-prisioneros-con-la-participacion-de-ninos","status":"publish","type":"post","link":"https:\/\/2horizontes.com\/?p=57773","title":{"rendered":"El EI difunde v\u00eddeo de asesinato de prisioneros con la participaci\u00f3n de ni\u00f1os"},"content":{"rendered":"<div id=\"ArticleAuthorDiv\" class=\"article-body-author\"><b>EFE<\/b><\/div>\n<div id=\"ArticleSourceDiv\" class=\"article-body-author\"><b>El Cairo<\/b><\/div>\n<div id=\"ArticleBody\">\n<p>El grupo yihadista Estado Isl\u00e1mico (EI) ha difundido un nuevo v\u00eddeo propagand\u00edstico en el que muestra el asesinato a sangre fr\u00eda de 18 prisioneros acusados de colaborar con los servicios secretos kurdos, y en los que participan dos menores.<\/p>\n<p>La cinta, cuya veracidad no pudo ser confirmada, y que dura unos quince minutos, comienza, como es habitual en este tipo de grabaciones, con escenas de ataques a\u00e9reos, destrucciones de viviendas y cad\u00e1veres de menores bajo los escombros, que el EI achaca a sus enemigos.<\/p>\n<p>La grabaci\u00f3n muestra al supuesto l\u00edder del grupo de prisioneros vestido con un mono naranja, esposado de pies y manos y que se identific\u00f3 como Saud Saad Husein al Noeimi, habitante de Mosul, quien reconoci\u00f3 ante la c\u00e1mara que colabor\u00f3 con los servicios secretos kurdos y reclut\u00f3 a m\u00e1s personas para que le ayudaran.<\/p>\n<div id=\"FIOnDemandWrapper_fiInstance_102464_0_9443719\" class=\"FIOnDemandWrapper\"><\/div>\n<p>Despu\u00e9s, un verdugo decapita a un primer grupo de seis personas frente a la mirada de un ni\u00f1o. Posteriormente, se muestra el asesinato a sangre fr\u00eda y de otras dos personas.<\/p>\n<p>Al final del v\u00eddeo, aparece un fragmento en el que ocho hombres de rodillas son asesinados de un tiro en la cabeza por otros ocho yihadistas, dos de ellos menores.<\/p>\n<p>La grabaci\u00f3n lleva el sello de la provincia de N\u00ednive del grupo terrorista Estado Isl\u00e1mico, que sufre en la actualidad el acoso de las fuerzas de seguridad iraqu\u00edes, embarcadas en una campa\u00f1a para la liberaci\u00f3n de esta provincia septentrional y de su capital, Mosul, el principal basti\u00f3n en Irak del EI.<\/p>\n<\/div>\n","protected":false},"excerpt":{"rendered":"<p>EFE El Cairo El grupo yihadista Estado Isl\u00e1mico (EI) ha difundido un nuevo v\u00eddeo propagand\u00edstico en el que muestra el asesinato a sangre fr\u00eda de 18 prisioneros acusados de colaborar con los servicios secretos kurdos, y en los que participan dos menores. La cinta, cuya veracidad no pudo ser confirmada, y que dura unos quince [&hellip;]<\/p>\n","protected":false},"author":7,"featured_media":57774,"comment_status":"open","ping_status":"open","sticky":false,"template":"","format":"standard","meta":{"footnotes":""},"categories":[40],"tags":[],"class_list":["post-57773","post","type-post","status-publish","format-standard","has-post-thumbnail","hentry","category-internacionales"],"_links":{"self":[{"href":"https:\/\/2horizontes.com\/index.php?rest_route=\/wp\/v2\/posts\/57773","targetHints":{"allow":["GET"]}}],"collection":[{"href":"https:\/\/2horizontes.com\/index.php?rest_route=\/wp\/v2\/posts"}],"about":[{"href":"https:\/\/2horizontes.com\/index.php?rest_route=\/wp\/v2\/types\/post"}],"author":[{"embeddable":true,"href":"https:\/\/2horizontes.com\/index.php?rest_route=\/wp\/v2\/users\/7"}],"replies":[{"embeddable":true,"href":"https:\/\/2horizontes.com\/index.php?rest_route=%2Fwp%2Fv2%2Fcomments&post=57773"}],"version-history":[{"count":1,"href":"https:\/\/2horizontes.com\/index.php?rest_route=\/wp\/v2\/posts\/57773\/revisions"}],"predecessor-version":[{"id":57775,"href":"https:\/\/2horizontes.com\/index.php?rest_route=\/wp\/v2\/posts\/57773\/revisions\/57775"}],"wp:featuredmedia":[{"embeddable":true,"href":"https:\/\/2horizontes.com\/index.php?rest_route=\/wp\/v2\/media\/57774"}],"wp:attachment":[{"href":"https:\/\/2horizontes.com\/index.php?rest_route=%2Fwp%2Fv2%2Fmedia&parent=57773"}],"wp:term":[{"taxonomy":"category","embeddable":true,"href":"https:\/\/2horizontes.com\/index.php?rest_route=%2Fwp%2Fv2%2Fcategories&post=57773"},{"taxonomy":"post_tag","embeddable":true,"href":"https:\/\/2horizontes.com\/index.php?rest_route=%2Fwp%2Fv2%2Ftags&post=57773"}],"curies":[{"name":"wp","href":"https:\/\/api.w.org\/{rel}","templated":true}]}}