{"id":57767,"date":"2016-09-20T18:54:59","date_gmt":"2016-09-20T17:54:59","guid":{"rendered":"http:\/\/2horizontes.com\/?p=57767"},"modified":"2016-09-20T18:55:48","modified_gmt":"2016-09-20T17:55:48","slug":"influencia-de-la-sociedad-en-los-politicos","status":"publish","type":"post","link":"https:\/\/2horizontes.com\/?p=57767","title":{"rendered":"Influencia de la sociedad en los pol\u00edticos"},"content":{"rendered":"<p><strong>Por. Olga Lidia Rodr\u00edguez\u00a0<\/strong><\/p>\n<p>La campa\u00f1a electoral en Rep\u00fablica Dominicana se torna un mercado de compra y venta de conciencia, esto se debe a la falta de recursos econ\u00f3micos e insensatez del pueblo, pueblo que luego reclama buenas acciones y medidas de parte de los pol\u00edticos elegidos.<\/p>\n<p>&nbsp;<br \/>\nEs de suma importancia que los votantes tomen en cuenta la persona en la cu\u00e1l depositaran su confianza, ya que no depende de partidos pol\u00edticos como tal, sino del individuo que nos ofrece su propuesta. Sin embargo, la cultura es inclinarse por una entidad pol\u00edtica y apasionarse hasta el punto de alterar el orden p\u00fablico.<br \/>\nDebemos tomar en cuenta que las manifestaciones y protestas sean realizadas para abogar por el bienestar del pa\u00eds, y no de una instituci\u00f3n pol\u00edtica en particular, debido a que al momento de lograr colocarse en una posici\u00f3n de poder todos terminan asumiendo una actitud com\u00fan.<\/p>\n<p>&nbsp;<br \/>\nLa raz\u00f3n que ocasiona este decir popular \u00ablos pol\u00edticos son iguales\u00bb es que la verdad el problema no es el pol\u00edtico, si no nuestra sociedad, la cu\u00e1l forma a los individuos qui\u00e9nes se convierten posteriormente en nuestros pol\u00edticos. Es decir, el cambio debe originarse desde nuestros hogares formando personas que piensen en el bien com\u00fan y en el desarrollo moral e intelectual de su pa\u00eds, es as\u00ed como lograremos tener mejor representaci\u00f3n a nivel general del Estado.<\/p>\n","protected":false},"excerpt":{"rendered":"<p>Por. Olga Lidia Rodr\u00edguez\u00a0 La campa\u00f1a electoral en Rep\u00fablica Dominicana se torna un mercado de compra y venta de conciencia, esto se debe a la falta de recursos econ\u00f3micos e insensatez del pueblo, pueblo que luego reclama buenas acciones y medidas de parte de los pol\u00edticos elegidos. &nbsp; Es de suma importancia que los votantes [&hellip;]<\/p>\n","protected":false},"author":7,"featured_media":57104,"comment_status":"open","ping_status":"open","sticky":false,"template":"","format":"standard","meta":{"footnotes":""},"categories":[82,44],"tags":[],"class_list":["post-57767","post","type-post","status-publish","format-standard","has-post-thumbnail","hentry","category-opinion","category-republica-dominicana"],"_links":{"self":[{"href":"https:\/\/2horizontes.com\/index.php?rest_route=\/wp\/v2\/posts\/57767","targetHints":{"allow":["GET"]}}],"collection":[{"href":"https:\/\/2horizontes.com\/index.php?rest_route=\/wp\/v2\/posts"}],"about":[{"href":"https:\/\/2horizontes.com\/index.php?rest_route=\/wp\/v2\/types\/post"}],"author":[{"embeddable":true,"href":"https:\/\/2horizontes.com\/index.php?rest_route=\/wp\/v2\/users\/7"}],"replies":[{"embeddable":true,"href":"https:\/\/2horizontes.com\/index.php?rest_route=%2Fwp%2Fv2%2Fcomments&post=57767"}],"version-history":[{"count":2,"href":"https:\/\/2horizontes.com\/index.php?rest_route=\/wp\/v2\/posts\/57767\/revisions"}],"predecessor-version":[{"id":57769,"href":"https:\/\/2horizontes.com\/index.php?rest_route=\/wp\/v2\/posts\/57767\/revisions\/57769"}],"wp:featuredmedia":[{"embeddable":true,"href":"https:\/\/2horizontes.com\/index.php?rest_route=\/wp\/v2\/media\/57104"}],"wp:attachment":[{"href":"https:\/\/2horizontes.com\/index.php?rest_route=%2Fwp%2Fv2%2Fmedia&parent=57767"}],"wp:term":[{"taxonomy":"category","embeddable":true,"href":"https:\/\/2horizontes.com\/index.php?rest_route=%2Fwp%2Fv2%2Fcategories&post=57767"},{"taxonomy":"post_tag","embeddable":true,"href":"https:\/\/2horizontes.com\/index.php?rest_route=%2Fwp%2Fv2%2Ftags&post=57767"}],"curies":[{"name":"wp","href":"https:\/\/api.w.org\/{rel}","templated":true}]}}