{"id":57718,"date":"2016-09-20T17:15:43","date_gmt":"2016-09-20T16:15:43","guid":{"rendered":"http:\/\/2horizontes.com\/?p=57718"},"modified":"2016-09-20T17:15:43","modified_gmt":"2016-09-20T16:15:43","slug":"iglesias-y-errejon-exhiben-sus-diferencias-en-publico","status":"publish","type":"post","link":"https:\/\/2horizontes.com\/?p=57718","title":{"rendered":"Iglesias y Errej\u00f3n exhiben sus diferencias en p\u00fablico"},"content":{"rendered":"<p>Pablo Iglesias e \u00cd\u00f1igo Errej\u00f3n han decidido convertir la discrepancia en virtud&#8230;, y tal vez en objeto de propaganda. A trav\u00e9s de un cruce de tuits con apariencia de pelea a la gre\u00f1a pero tambi\u00e9n con un claro toque de exhibicionismo, el l\u00edder y el n\u00famero dos de Podemos disputaron a calz\u00f3n quitado sobre cu\u00e1l debe ser la mejor l\u00ednea discursiva del partido: si la m\u00e1s dura y temible, como defendi\u00f3 Iglesias, o bien la m\u00e1s seductora y moderada, como Errej\u00f3n propugn\u00f3 por en\u00e9sima vez.<\/p>\n<p>El presunto rifirrafe, en lo que lo \u00fanico indudable fue el ruido generado en las redes, empez\u00f3 con una rotunda declaraci\u00f3n del secretario general durante un mitin en A Coru\u00f1a. \u201cEl d\u00eda en que dejemos de dar miedo a los sinverg\u00fcenzas, a los corruptos, a los responsables de la desigualdad y a los que se enriquecen, no tendremos ning\u00fan sentido como fuerza pol\u00edtica\u201d, sentenci\u00f3 Iglesias.<\/p>\n<p>Parec\u00eda un mensaje para \u00cd\u00f1igo Errej\u00f3n y los suyos, dados los antecedentes y el contexto; sobre todo el del pinchazo del 26J tras haber virado el l\u00edder hacia los tonos m\u00e1s suaves de su trayectoria. En todo caso, el secretario pol\u00edtico de Podemos se lo tom\u00f3 as\u00ed, y no tard\u00f3 en responder, v\u00eda Twitter: \u201cA los poderosos ya les damos miedo, ese no es el reto. Lo es seducir a la parte de nuestro pueblo que sufre pero a\u00fan no conf\u00eda en nosotros\u201d, escribi\u00f3 el segundo de a bordo.<\/p>\n<p>Para solaz de seguidores de uno y otro bando, as\u00ed como de adversarios de Podemos y de tuiteros en general, Iglesias sigui\u00f3 atizando el vistoso fuego con una respuesta a la r\u00e9plica de su compadre: \u201cS\u00ed, compa\u00f1ero @errejon. Pero en junio dejamos de seducir a 1 mill\u00f3n de personas. Hablando claro y siendo diferentes seducimos m\u00e1s\u201d, afirm\u00f3. Con un a\u00f1adido significativo y revelador de las pretensiones publicitarias de la pelea: \u201cMientras otros se mandan recados subliminales, en Podemos estamos orgullosos de debatir con las puertas abiertas. Ser diferentes es eso\u201d, se\u00f1al\u00f3 Iglesias.<\/p>\n<p>Errej\u00f3n estuvo de acuerdo en lo virtuoso de discutir en p\u00fablico: \u201cSin duda\u201d, le dijo a su compa\u00f1ero y jefe. \u201cLlegamos lejos pensando con categor\u00edas propias. Debemos seguir haci\u00e9ndolo para recuperar nuestro pa\u00eds. Seguimos\u201d.<\/p>\n<p>Los dos m\u00e1ximos responsables del partido hicieron entonces una parada, entre otras cosas para seguir con su campa\u00f1a para las elecciones gallegas y vascas\u2026 Hasta que hubiera que seguir combatiendo, haciendo ruido o presumiendo de apertura en el debate interno. O todo al mismo tiempo.<\/p>\n","protected":false},"excerpt":{"rendered":"<p>Pablo Iglesias e \u00cd\u00f1igo Errej\u00f3n han decidido convertir la discrepancia en virtud&#8230;, y tal vez en objeto de propaganda. A trav\u00e9s de un cruce de tuits con apariencia de pelea a la gre\u00f1a pero tambi\u00e9n con un claro toque de exhibicionismo, el l\u00edder y el n\u00famero dos de Podemos disputaron a calz\u00f3n quitado sobre cu\u00e1l [&hellip;]<\/p>\n","protected":false},"author":3,"featured_media":57719,"comment_status":"open","ping_status":"open","sticky":false,"template":"","format":"standard","meta":{"footnotes":""},"categories":[85,43],"tags":[],"class_list":["post-57718","post","type-post","status-publish","format-standard","has-post-thumbnail","hentry","category-espana","category-politica"],"_links":{"self":[{"href":"https:\/\/2horizontes.com\/index.php?rest_route=\/wp\/v2\/posts\/57718","targetHints":{"allow":["GET"]}}],"collection":[{"href":"https:\/\/2horizontes.com\/index.php?rest_route=\/wp\/v2\/posts"}],"about":[{"href":"https:\/\/2horizontes.com\/index.php?rest_route=\/wp\/v2\/types\/post"}],"author":[{"embeddable":true,"href":"https:\/\/2horizontes.com\/index.php?rest_route=\/wp\/v2\/users\/3"}],"replies":[{"embeddable":true,"href":"https:\/\/2horizontes.com\/index.php?rest_route=%2Fwp%2Fv2%2Fcomments&post=57718"}],"version-history":[{"count":1,"href":"https:\/\/2horizontes.com\/index.php?rest_route=\/wp\/v2\/posts\/57718\/revisions"}],"predecessor-version":[{"id":57720,"href":"https:\/\/2horizontes.com\/index.php?rest_route=\/wp\/v2\/posts\/57718\/revisions\/57720"}],"wp:featuredmedia":[{"embeddable":true,"href":"https:\/\/2horizontes.com\/index.php?rest_route=\/wp\/v2\/media\/57719"}],"wp:attachment":[{"href":"https:\/\/2horizontes.com\/index.php?rest_route=%2Fwp%2Fv2%2Fmedia&parent=57718"}],"wp:term":[{"taxonomy":"category","embeddable":true,"href":"https:\/\/2horizontes.com\/index.php?rest_route=%2Fwp%2Fv2%2Fcategories&post=57718"},{"taxonomy":"post_tag","embeddable":true,"href":"https:\/\/2horizontes.com\/index.php?rest_route=%2Fwp%2Fv2%2Ftags&post=57718"}],"curies":[{"name":"wp","href":"https:\/\/api.w.org\/{rel}","templated":true}]}}