{"id":57708,"date":"2016-09-20T16:25:06","date_gmt":"2016-09-20T15:25:06","guid":{"rendered":"http:\/\/2horizontes.com\/?p=57708"},"modified":"2016-09-20T16:25:06","modified_gmt":"2016-09-20T15:25:06","slug":"avion-de-aerolinea-venezolana-aterriza-de-emergencia-en-el-aila","status":"publish","type":"post","link":"https:\/\/2horizontes.com\/?p=57708","title":{"rendered":"Avi\u00f3n de aerol\u00ednea venezolana aterriza de emergencia en el AILA"},"content":{"rendered":"<div class=\"detalle-texto\">\n<div class=\"text\">\n<p>SANTO DOMINGO. Un vuelo de la venezolana Aserca Airlines aterriz\u00f3 de emergencias alrededor de las 10:30 de la ma\u00f1ana de este martes, en el Aeropuerto Internacional de Las Am\u00e9ricas (AILA).<\/p>\n<p>La aeronave, que realizaba el vuelo 420, procedente de Venezuela, fue asistida por el Comit\u00e9 de Emergencia del AILA, luego que su piloto llamara a la torre de control advirtiendo que ven\u00eda con fallas.<\/p>\n<p>Una gran cantidad de l\u00edquido sale de uno de los motores del avi\u00f3n. Sin embargo, hasta el momento las autoridades no explican qu\u00e9 motiv\u00f3 la emergencia.<\/p>\n<p>De acuerdo a informes preliminares, a bordo de la aeronave viajaban 139 pasajeros, que fueron evacuados.<\/p>\n<\/div>\n<\/div>\n","protected":false},"excerpt":{"rendered":"<p>SANTO DOMINGO. Un vuelo de la venezolana Aserca Airlines aterriz\u00f3 de emergencias alrededor de las 10:30 de la ma\u00f1ana de este martes, en el Aeropuerto Internacional de Las Am\u00e9ricas (AILA). La aeronave, que realizaba el vuelo 420, procedente de Venezuela, fue asistida por el Comit\u00e9 de Emergencia del AILA, luego que su piloto llamara a [&hellip;]<\/p>\n","protected":false},"author":13240,"featured_media":57709,"comment_status":"open","ping_status":"open","sticky":false,"template":"","format":"standard","meta":{"footnotes":""},"categories":[40,44,48],"tags":[],"class_list":["post-57708","post","type-post","status-publish","format-standard","has-post-thumbnail","hentry","category-internacionales","category-republica-dominicana","category-venezuela"],"_links":{"self":[{"href":"https:\/\/2horizontes.com\/index.php?rest_route=\/wp\/v2\/posts\/57708","targetHints":{"allow":["GET"]}}],"collection":[{"href":"https:\/\/2horizontes.com\/index.php?rest_route=\/wp\/v2\/posts"}],"about":[{"href":"https:\/\/2horizontes.com\/index.php?rest_route=\/wp\/v2\/types\/post"}],"author":[{"embeddable":true,"href":"https:\/\/2horizontes.com\/index.php?rest_route=\/wp\/v2\/users\/13240"}],"replies":[{"embeddable":true,"href":"https:\/\/2horizontes.com\/index.php?rest_route=%2Fwp%2Fv2%2Fcomments&post=57708"}],"version-history":[{"count":1,"href":"https:\/\/2horizontes.com\/index.php?rest_route=\/wp\/v2\/posts\/57708\/revisions"}],"predecessor-version":[{"id":57710,"href":"https:\/\/2horizontes.com\/index.php?rest_route=\/wp\/v2\/posts\/57708\/revisions\/57710"}],"wp:featuredmedia":[{"embeddable":true,"href":"https:\/\/2horizontes.com\/index.php?rest_route=\/wp\/v2\/media\/57709"}],"wp:attachment":[{"href":"https:\/\/2horizontes.com\/index.php?rest_route=%2Fwp%2Fv2%2Fmedia&parent=57708"}],"wp:term":[{"taxonomy":"category","embeddable":true,"href":"https:\/\/2horizontes.com\/index.php?rest_route=%2Fwp%2Fv2%2Fcategories&post=57708"},{"taxonomy":"post_tag","embeddable":true,"href":"https:\/\/2horizontes.com\/index.php?rest_route=%2Fwp%2Fv2%2Ftags&post=57708"}],"curies":[{"name":"wp","href":"https:\/\/api.w.org\/{rel}","templated":true}]}}