{"id":57693,"date":"2016-09-20T15:32:38","date_gmt":"2016-09-20T14:32:38","guid":{"rendered":"http:\/\/2horizontes.com\/?p=57693"},"modified":"2016-09-20T15:32:38","modified_gmt":"2016-09-20T14:32:38","slug":"real-madrid-buscara-record-historico-frente-al-villareal","status":"publish","type":"post","link":"https:\/\/2horizontes.com\/?p=57693","title":{"rendered":"Real Madrid buscar\u00e1 r\u00e9cord hist\u00f3rico frente al Villareal"},"content":{"rendered":"<p>El Real Madrid de Zinedine Zidane busca inscribir su nombre en la historia del f\u00fatbol espa\u00f1ol, con un triunfo ante el Villarreal que le convertir\u00eda en el que m\u00e1s victorias consecutivas ha encadenado en LaLiga, con 17, un hito que buscar\u00e1 con sus dos grandes l\u00edderes de vuelta, el portugu\u00e9s Cristiano Ronaldo y el gal\u00e9s Gareth Bale.<\/p>\n<p>\u00abLos merengues\u00bb\u00a0tienen en sus manos\u00a0el r\u00e9cord del Barcelona de Pep Guardiola. Un objetivo que se ha convertido en reto para, de paso, ir abriendo distancias con sus grandes rivales por el t\u00edtulo que se enfrentan en la quinta jornada de LaLiga en el Camp Nou.<\/p>\n<p>Sin mirar a ese partido, que comenzar\u00e1 cuando finalice el duelo del Santiago Bernab\u00e9u, el Real Madrid busca mantener su l\u00ednea e intentar mejorar de paso el nivel de juego. Equipos como Celta, Osasuna y Sporting de Portugal tuvieron, pese a acabar perdiendo, el dominio buena parte de los partidos. Es una din\u00e1mica que quiere cambiar Zidane y tendr\u00e1 jugadores para hacerlo.<\/p>\n<p>Porque con la cantidad de partidos que encara en unas semanas con tres duelos cada siete d\u00edas, repetir un once es una utop\u00eda. De la visita al Espanyol salieron tocados Pepe y Casemiro, que son baja. Tambi\u00e9n descansa Luka Modric y el equipo titular tendr\u00e1 un nuevo aspecto. En defensa vuelve Varane y podr\u00eda entrar Danilo en el lateral derecho. Isco se perfila titular para buscar la posesi\u00f3n acompa\u00f1ado de Kovacic o Marco Asensio.<\/p>\n<p>Y en punta el regreso de Cristiano Ronaldo, superada su gripe, y de Bale, dejando atr\u00e1s el fuerte golpe en el costado, es m\u00e1s que probable que no permita juntar de nuevo a la BBC de inicio. La carga de partidos en Benzema, reci\u00e9n recuperado de su lesi\u00f3n, puede provocar que Zidane de la titularidad a \u00c1lvaro Morata tras dos suplencias consecutivas.<\/p>\n<p>Mientras, el Villarreal llega al Santiago Bernab\u00e9u tras cuatro jornadas de LaLiga sin perder, lo que ha amortiguado la eliminaci\u00f3n en la previa de la Liga de Campeones. Tras vivir un final de verano de los m\u00e1s convulso, con la destituci\u00f3n del t\u00e9cnico Marcelino Garc\u00eda Toral y esa eliminaci\u00f3n de la m\u00e1xima competici\u00f3n europea, este buen arranque de temporada ha ayudado a la integraci\u00f3n del nuevo entrenador, Fran Escrib\u00e1, as\u00ed como a la adaptaci\u00f3n de los nuevos fichajes al equipo.<\/p>\n<p>Un inicio de campa\u00f1a en el que tras los dos primeros empates, el Villarreal ha sido capaz de encadenar dos victorias y con ello recuperar posiciones en la tabla. Llega al Bernab\u00e9u con la intenci\u00f3n de poder romper de una vez su mala racha de resultados en este estadio, en el que nunca han sido capaces de sumar los tres puntos, lo que supone que el campo del Real Madrid sea el peor escenario para un Villarreal que tiene en los blancos a su bestia negra, tras diecis\u00e9is campa\u00f1as en la m\u00e1xima categor\u00eda.<\/p>\n<p>El t\u00e9cnico valenciano podr\u00eda utilizar este partido para dar descanso a algunos de sus jugadores con m\u00e1s minutos en estos partidos iniciales y es factible que Fran Escrib\u00e1 pueda alinear un once muy parecido al que jug\u00f3 frente al Z\u00farich el jueves pasado en la Liga Europa y que contaba con siete cambios.<\/p>\n<p>Aunque Escrib\u00e1 ha reconocido que habr\u00e1 cambios en la alineaci\u00f3n, tampoco ha querido confirmar si ser\u00e1n tan numerosos. La principal duda se centra en la delantera, donde podr\u00eda contar con dos delanteros, que ser\u00edan Santos Borr\u00e9 o Sansone y Pato, o jugar con un \u00fanico punta y que Pato u otro jugador pueda jugar en una l\u00ednea de tres centrocampistas con Dos Santos y Cheryshev, por detr\u00e1s del delantero.<\/p>\n","protected":false},"excerpt":{"rendered":"<p>El Real Madrid de Zinedine Zidane busca inscribir su nombre en la historia del f\u00fatbol espa\u00f1ol, con un triunfo ante el Villarreal que le convertir\u00eda en el que m\u00e1s victorias consecutivas ha encadenado en LaLiga, con 17, un hito que buscar\u00e1 con sus dos grandes l\u00edderes de vuelta, el portugu\u00e9s Cristiano Ronaldo y el gal\u00e9s [&hellip;]<\/p>\n","protected":false},"author":13240,"featured_media":57697,"comment_status":"open","ping_status":"open","sticky":false,"template":"","format":"standard","meta":{"footnotes":""},"categories":[42,86,40],"tags":[],"class_list":["post-57693","post","type-post","status-publish","format-standard","has-post-thumbnail","hentry","category-deportes","category-europa","category-internacionales"],"_links":{"self":[{"href":"https:\/\/2horizontes.com\/index.php?rest_route=\/wp\/v2\/posts\/57693","targetHints":{"allow":["GET"]}}],"collection":[{"href":"https:\/\/2horizontes.com\/index.php?rest_route=\/wp\/v2\/posts"}],"about":[{"href":"https:\/\/2horizontes.com\/index.php?rest_route=\/wp\/v2\/types\/post"}],"author":[{"embeddable":true,"href":"https:\/\/2horizontes.com\/index.php?rest_route=\/wp\/v2\/users\/13240"}],"replies":[{"embeddable":true,"href":"https:\/\/2horizontes.com\/index.php?rest_route=%2Fwp%2Fv2%2Fcomments&post=57693"}],"version-history":[{"count":1,"href":"https:\/\/2horizontes.com\/index.php?rest_route=\/wp\/v2\/posts\/57693\/revisions"}],"predecessor-version":[{"id":57698,"href":"https:\/\/2horizontes.com\/index.php?rest_route=\/wp\/v2\/posts\/57693\/revisions\/57698"}],"wp:featuredmedia":[{"embeddable":true,"href":"https:\/\/2horizontes.com\/index.php?rest_route=\/wp\/v2\/media\/57697"}],"wp:attachment":[{"href":"https:\/\/2horizontes.com\/index.php?rest_route=%2Fwp%2Fv2%2Fmedia&parent=57693"}],"wp:term":[{"taxonomy":"category","embeddable":true,"href":"https:\/\/2horizontes.com\/index.php?rest_route=%2Fwp%2Fv2%2Fcategories&post=57693"},{"taxonomy":"post_tag","embeddable":true,"href":"https:\/\/2horizontes.com\/index.php?rest_route=%2Fwp%2Fv2%2Ftags&post=57693"}],"curies":[{"name":"wp","href":"https:\/\/api.w.org\/{rel}","templated":true}]}}