{"id":57675,"date":"2016-09-20T11:50:50","date_gmt":"2016-09-20T10:50:50","guid":{"rendered":"http:\/\/2horizontes.com\/?p=57675"},"modified":"2016-09-20T11:50:50","modified_gmt":"2016-09-20T10:50:50","slug":"el-metro-cerrara-a-la-una-de-la-madrugada-este-miercoles-con-motivo-del-barca-atletico-de-madrid","status":"publish","type":"post","link":"https:\/\/2horizontes.com\/?p=57675","title":{"rendered":"El metro cerrar\u00e1 a la una de la madrugada este mi\u00e9rcoles con motivo del Bar\u00e7a-Atl\u00e9tico de Madrid"},"content":{"rendered":"<p>Acuerdo entre TMB y el FC Barcelona para prolongar el servicio de metro en d\u00edas de partido a \u00faltima hora. La primera ampliaci\u00f3n del horario se har\u00e1 efectiva este mi\u00e9rcoles con motivo del partido de Liga entre el F\u00fatbol Club Barcelona y el Atl\u00e9tico de Madrid, que empieza a las 22:00 horas.<\/p>\n<p>\u201cAmbas entidades han decidido proporcionar una alternativa de movilidad sostenible y segura a los asistentes a los eventos m\u00e1s masivos que organiza el club, los partidos de f\u00fatbol del primer equipo que se disputan en el estadio\u201d, ha informado TMB en un comunicado.<\/p>\n<p>En virtud de este acuerdo, que han firmado hoy la presidenta de TMB, Mercedes Vidal; el vicepresidente primero del FC Barcelona, Jordi Cardoner, y el comisionado del Espacio Bar\u00e7a, Jordi Moix, la red de metro podr\u00e1 dar servicio m\u00e1s all\u00e1 del horario habitual de cierre (las 12 de la noche los laborables de lunes a jueves ) en determinadas fechas, cuando se programen partidos que finalicen m\u00e1s all\u00e1 de este horario.<\/p>\n<p>En el acto de firma tambi\u00e9n han asistido Nacho Maestro, director general del club, y Joaquim Balsera, director ejecutivo de Marketing de TMB. El convenio tiene una vigencia de un a\u00f1o y puede ser prorrogable.<\/p>\n<p>El gasto que generen estas prolongaciones las asumir\u00e1 el FC Barcelona mediante diferentes contraprestaciones que favorecer\u00e1n la promoci\u00f3n de la red de transporte p\u00fablico. Las fechas se fijar\u00e1n a petici\u00f3n del club y por consenso de las dos partes a medida que se conozcan los calendarios de las diferentes competiciones. Cada ampliaci\u00f3n podr\u00e1 ser de una o dos horas, seg\u00fan el horario de finalizaci\u00f3n prevista del acto deportivo, ha explicado TMB.<\/p>\n<p>Refuerzo del transporte p\u00fablico<\/p>\n<p>Este mi\u00e9rcoles ya se aplicar\u00e1 una primera prolongaci\u00f3n del horario del metro, con motivo del partido de Liga entre el Bar\u00e7a y el Atl\u00e9tico de Madrid, que tendr\u00e1 lugar en el Camp Nou a partir de las 22 horas. De manera excepcional, el metro estar\u00e1 abierto hasta la una de la madrugada.<\/p>\n<p>La red tambi\u00e9n se reforzar\u00e1 con m\u00e1s personal en las estaciones cercanas al estadio y con m\u00e1s trenes en circulaci\u00f3n. Las l\u00edneas y estaciones de metro que dan acceso al Camp Nou son Badal (l\u00ednea 5), Collblanc (l\u00ednea 5 y l\u00ednea 9 Sur) y Palau Reial, Maria Cristina y Les Corts, de la l\u00ednea 3.<\/p>\n<p>Tambi\u00e9n se mantendr\u00e1 el refuerzo de las l\u00edneas H8 y 50 en funci\u00f3n de la demanda que se pueda producir y en la salida se pondr\u00e1n en funcionamiento dos l\u00edneas especiales entre el Camp Nou y plaza de Catalunya y entre el Camp Nou y Moss\u00e8n Cinto Verdaguer.<\/p>\n","protected":false},"excerpt":{"rendered":"<p>Acuerdo entre TMB y el FC Barcelona para prolongar el servicio de metro en d\u00edas de partido a \u00faltima hora. La primera ampliaci\u00f3n del horario se har\u00e1 efectiva este mi\u00e9rcoles con motivo del partido de Liga entre el F\u00fatbol Club Barcelona y el Atl\u00e9tico de Madrid, que empieza a las 22:00 horas. \u201cAmbas entidades han [&hellip;]<\/p>\n","protected":false},"author":3,"featured_media":57676,"comment_status":"open","ping_status":"open","sticky":false,"template":"","format":"standard","meta":{"footnotes":""},"categories":[42,85],"tags":[],"class_list":["post-57675","post","type-post","status-publish","format-standard","has-post-thumbnail","hentry","category-deportes","category-espana"],"_links":{"self":[{"href":"https:\/\/2horizontes.com\/index.php?rest_route=\/wp\/v2\/posts\/57675","targetHints":{"allow":["GET"]}}],"collection":[{"href":"https:\/\/2horizontes.com\/index.php?rest_route=\/wp\/v2\/posts"}],"about":[{"href":"https:\/\/2horizontes.com\/index.php?rest_route=\/wp\/v2\/types\/post"}],"author":[{"embeddable":true,"href":"https:\/\/2horizontes.com\/index.php?rest_route=\/wp\/v2\/users\/3"}],"replies":[{"embeddable":true,"href":"https:\/\/2horizontes.com\/index.php?rest_route=%2Fwp%2Fv2%2Fcomments&post=57675"}],"version-history":[{"count":1,"href":"https:\/\/2horizontes.com\/index.php?rest_route=\/wp\/v2\/posts\/57675\/revisions"}],"predecessor-version":[{"id":57677,"href":"https:\/\/2horizontes.com\/index.php?rest_route=\/wp\/v2\/posts\/57675\/revisions\/57677"}],"wp:featuredmedia":[{"embeddable":true,"href":"https:\/\/2horizontes.com\/index.php?rest_route=\/wp\/v2\/media\/57676"}],"wp:attachment":[{"href":"https:\/\/2horizontes.com\/index.php?rest_route=%2Fwp%2Fv2%2Fmedia&parent=57675"}],"wp:term":[{"taxonomy":"category","embeddable":true,"href":"https:\/\/2horizontes.com\/index.php?rest_route=%2Fwp%2Fv2%2Fcategories&post=57675"},{"taxonomy":"post_tag","embeddable":true,"href":"https:\/\/2horizontes.com\/index.php?rest_route=%2Fwp%2Fv2%2Ftags&post=57675"}],"curies":[{"name":"wp","href":"https:\/\/api.w.org\/{rel}","templated":true}]}}