{"id":5761,"date":"2015-05-05T18:24:00","date_gmt":"2015-05-05T17:24:00","guid":{"rendered":"http:\/\/2horizontes.com\/?p=5761"},"modified":"2015-05-05T18:24:00","modified_gmt":"2015-05-05T17:24:00","slug":"indigenas-matan-joven-de-un-flechazo-en-la-selva-sur-de-peru","status":"publish","type":"post","link":"https:\/\/2horizontes.com\/?p=5761","title":{"rendered":"Ind\u00edgenas  matan joven de un flechazo en la selva sur de Per\u00fa"},"content":{"rendered":"<div id=\"ArticleAuthorDiv\" class=\"article-body-author\"><b>EFE<\/b><\/div>\n<div id=\"ArticleSourceDiv\" class=\"article-body-author\"><b>Lima<\/b><\/div>\n<div id=\"ArticleBody\">\n<p>Un grupo de ind\u00edgenas de la etnia mashco piro en aislamiento voluntario mat\u00f3 a un nativo de otra comunidad de un flechazo en la selva amaz\u00f3nica del sur de Per\u00fa, inform\u00f3 ayer el Ministerio de Cultura en un comunicado. Un hombre de 20 a\u00f1os muri\u00f3 a causa de un flechazo en el pecho, disparado por los ind\u00edgenas que ingresaron a una granja de la comunidad nativa de Shipetiari, en la regi\u00f3n de Madre de Dios, y atacaron a los que se encontraron en su camino.<\/p>\n<p>Del suceso, que se produjo el viernes pasado, alert\u00f3 al d\u00eda siguiente la Federaci\u00f3n Nativa del r\u00edo Madre de Dios y Afluentes (Fenamad) y hoy se hizo eco el Ministerio de Cultura.<\/p>\n<p>El jefe m\u00e9dico del centro de salud con sede en Villa Salvaci\u00f3n, Fernando Mendieta, se desplaz\u00f3 a la zona del ataque y constat\u00f3 lo ocurrido.<\/p>\n<p>El Ministerio de Cultura lament\u00f3 la muerte del joven y se\u00f1al\u00f3 que esta es la tercera ocasi\u00f3n que un grupo de alrededor de treinta mashco piro ingresa en los dominios de la comunidad nativa de Shipetiari en lo que va del 2015.<\/p>\n<p>El mismo grupo fue avistado en varias ocasiones en las riberas del r\u00edo Alto Madre de Dios, cerca del riachuelo Yanayacu, muy pr\u00f3ximo a los l\u00edmites del territorio de la comunidad Shipetiari.<\/p>\n<p>El Ministerio de Cultura hab\u00eda asignado de manera permanente agentes de protecci\u00f3n y especialistas para atender a los nativos de Shipetiari ante los repetidos avistamientos de mashco piro en sus tierras, por lo que lament\u00f3 que, \u00abpese a los esfuerzos desplegados, no fue posible evitar lo ocurrido el 1 de mayo\u00bb.<\/p>\n<p>La directora general de Derechos de los Pueblos Ind\u00edgenas, Grecia Elena Rojas, se traslad\u00f3 a la cuenca del r\u00edo Alto Madre de Dios junto con un equipo de especialistas del viceministerio de Interculturalidad para establecer las medidas necesarias con las que dar seguridad a los habitantes de Shipetiari.<\/p>\n<p>Al respecto, el presidente de la Asociaci\u00f3n Inter\u00e9tnica de Desarrollo de la Selva Peruana (Aidesep), Henderson Renfigo, declar\u00f3 a Efe que su organizaci\u00f3n exige que el Gobierno atienda las \u00abdemandas de los pueblos ind\u00edgenas, primero para prevenir y proteger la vida de los pueblos no contactados\u00bb.<\/p>\n<p>\u00abEntendemos nosotros que la reacci\u00f3n que han tenido los hermanos Mashco Piros, los no contactados que habitan dentro de esos territorios, (es porque) est\u00e1n amenazados por la presencia de madereros, de petroleros, de mineros ilegales, entre otros agentes externos de la zona\u00bb, se\u00f1al\u00f3 Rengifo.<\/p>\n<p>El dirigente lament\u00f3 la muerte del joven de 20 a\u00f1os y alert\u00f3 que se trata de \u00abuna grave situaci\u00f3n que vive la zona y puede haber un enfrentamiento en cualquier momento con los moradores de la comunidad y los no contactados.\u00bb<\/p>\n<p>\u00abEstos pueblos no contactados ocupan, entre otros pueblos, la regi\u00f3n Ucayali, Cuzco, hay un territorio aproximado de 9 millones de hect\u00e1reas que es donde habitan actualmente, por eso es que exigimos al gobierno peruano una demanda para la protecci\u00f3n de estos territorios\u00bb, remarc\u00f3.<\/p>\n<p>Rengifo opin\u00f3 que lo primero que corresponde es \u00abreconocer los territorios de estos pueblos y alg\u00fan d\u00eda, cuando quieran salir, lo har\u00e1n ellos solos.\u00bb<\/p>\n<p>\u00abPero no se les puede traer a ser contactados a la fuerza, ellos han decidido vivir as\u00ed, con esa autonom\u00eda que tienen, y deben continuar hasta que ellos lo decidan\u00bb, concluy\u00f3.<\/p>\n<\/div>\n","protected":false},"excerpt":{"rendered":"<p>EFE Lima Un grupo de ind\u00edgenas de la etnia mashco piro en aislamiento voluntario mat\u00f3 a un nativo de otra comunidad de un flechazo en la selva amaz\u00f3nica del sur de Per\u00fa, inform\u00f3 ayer el Ministerio de Cultura en un comunicado. Un hombre de 20 a\u00f1os muri\u00f3 a causa de un flechazo en el pecho, [&hellip;]<\/p>\n","protected":false},"author":4,"featured_media":5764,"comment_status":"open","ping_status":"open","sticky":false,"template":"","format":"standard","meta":{"footnotes":""},"categories":[40,84],"tags":[],"class_list":["post-5761","post","type-post","status-publish","format-standard","has-post-thumbnail","hentry","category-internacionales","category-otras-noticias"],"_links":{"self":[{"href":"https:\/\/2horizontes.com\/index.php?rest_route=\/wp\/v2\/posts\/5761","targetHints":{"allow":["GET"]}}],"collection":[{"href":"https:\/\/2horizontes.com\/index.php?rest_route=\/wp\/v2\/posts"}],"about":[{"href":"https:\/\/2horizontes.com\/index.php?rest_route=\/wp\/v2\/types\/post"}],"author":[{"embeddable":true,"href":"https:\/\/2horizontes.com\/index.php?rest_route=\/wp\/v2\/users\/4"}],"replies":[{"embeddable":true,"href":"https:\/\/2horizontes.com\/index.php?rest_route=%2Fwp%2Fv2%2Fcomments&post=5761"}],"version-history":[{"count":1,"href":"https:\/\/2horizontes.com\/index.php?rest_route=\/wp\/v2\/posts\/5761\/revisions"}],"predecessor-version":[{"id":5766,"href":"https:\/\/2horizontes.com\/index.php?rest_route=\/wp\/v2\/posts\/5761\/revisions\/5766"}],"wp:featuredmedia":[{"embeddable":true,"href":"https:\/\/2horizontes.com\/index.php?rest_route=\/wp\/v2\/media\/5764"}],"wp:attachment":[{"href":"https:\/\/2horizontes.com\/index.php?rest_route=%2Fwp%2Fv2%2Fmedia&parent=5761"}],"wp:term":[{"taxonomy":"category","embeddable":true,"href":"https:\/\/2horizontes.com\/index.php?rest_route=%2Fwp%2Fv2%2Fcategories&post=5761"},{"taxonomy":"post_tag","embeddable":true,"href":"https:\/\/2horizontes.com\/index.php?rest_route=%2Fwp%2Fv2%2Ftags&post=5761"}],"curies":[{"name":"wp","href":"https:\/\/api.w.org\/{rel}","templated":true}]}}