{"id":57578,"date":"2016-09-17T17:18:52","date_gmt":"2016-09-17T16:18:52","guid":{"rendered":"http:\/\/2horizontes.com\/?p=57578"},"modified":"2016-09-17T17:18:52","modified_gmt":"2016-09-17T16:18:52","slug":"ee-uu-mata-al-productor-de-videos-de-ejecuciones-del-ei","status":"publish","type":"post","link":"https:\/\/2horizontes.com\/?p=57578","title":{"rendered":"EE.UU. mata al \u00abproductor\u00bb de videos de ejecuciones del EI"},"content":{"rendered":"<div id=\"ArticleAuthorDiv\" class=\"article-body-author\"><b>EFE<\/b><\/div>\n<div id=\"ArticleSourceDiv\" class=\"article-body-author\"><b>Washington<\/b><\/div>\n<div id=\"ArticleBody\">\n<p>Estados Unidos mat\u00f3 en un ataque a\u00e9reo el pasado 7 de septiembre al Wail Adil Hasan Salman al Fayad, ministro de Informaci\u00f3n del Estado Isl\u00e1mico (EI) y \u00abproductor\u00bb de videos de ejecuciones, seg\u00fan inform\u00f3 ayer el Pent\u00e1gono.<\/p>\n<p>En un comunicado el portavoz del Departamento de Defensa, Peter Cook, asegur\u00f3 que el ataque se produjo en las cercan\u00edas de Al Raqa, basti\u00f3n del EI en Siria.<\/p>\n<p>Cook detall\u00f3 tambi\u00e9n que Wail, conocido como \u00abDr. Wail\u00bb, \u00aboperaba el ministerio de Informaci\u00f3n para la organizaci\u00f3n terrorista y era un prominente del Consejo de la shura\u00bb, el \u00f3rgano de liderazgo del grupo yihadista sun\u00ed.<\/p>\n<div id=\"FIOnDemandWrapper_fiInstance_102464_0_3767023\" class=\"FIOnDemandWrapper\"><\/div>\n<p>El Pent\u00e1gono asegur\u00f3 que Wail era \u00abuno de los l\u00edderes de m\u00e1s alto rango\u00bb del EI y el \u00abproductor de videos de propaganda en los que se mostraban tortura y ejecuciones\u00bb.<\/p>\n<p>Adem\u00e1s, seg\u00fan el Pent\u00e1gono, Wail era cercano a Abu Muhamad al Adnani, uno de los principales l\u00edderes y portavoz del EI, a quien Washington asegura que mat\u00f3 en Al Bab (Siria) el pasado 30 de agosto.<\/p>\n<p>El secretario de Defensa, Ash Carter, lleg\u00f3 a llamar a Al Adnani, \u00abuno de los m\u00e1s peligrosos\u00bb l\u00edderes del EI, por su papel en instigar atentados en el extranjero.<\/p>\n<p>El Pent\u00e1gono dijo que seguir\u00e1 persiguiendo su estrategia de ataques contra figuras de importancia dentro del EI, para promover tensiones internas e inestabilidad dentro de la organizaci\u00f3n.<\/p>\n<\/div>\n","protected":false},"excerpt":{"rendered":"<p>EFE Washington Estados Unidos mat\u00f3 en un ataque a\u00e9reo el pasado 7 de septiembre al Wail Adil Hasan Salman al Fayad, ministro de Informaci\u00f3n del Estado Isl\u00e1mico (EI) y \u00abproductor\u00bb de videos de ejecuciones, seg\u00fan inform\u00f3 ayer el Pent\u00e1gono. En un comunicado el portavoz del Departamento de Defensa, Peter Cook, asegur\u00f3 que el ataque se [&hellip;]<\/p>\n","protected":false},"author":7,"featured_media":57579,"comment_status":"open","ping_status":"open","sticky":false,"template":"","format":"standard","meta":{"footnotes":""},"categories":[40],"tags":[],"class_list":["post-57578","post","type-post","status-publish","format-standard","has-post-thumbnail","hentry","category-internacionales"],"_links":{"self":[{"href":"https:\/\/2horizontes.com\/index.php?rest_route=\/wp\/v2\/posts\/57578","targetHints":{"allow":["GET"]}}],"collection":[{"href":"https:\/\/2horizontes.com\/index.php?rest_route=\/wp\/v2\/posts"}],"about":[{"href":"https:\/\/2horizontes.com\/index.php?rest_route=\/wp\/v2\/types\/post"}],"author":[{"embeddable":true,"href":"https:\/\/2horizontes.com\/index.php?rest_route=\/wp\/v2\/users\/7"}],"replies":[{"embeddable":true,"href":"https:\/\/2horizontes.com\/index.php?rest_route=%2Fwp%2Fv2%2Fcomments&post=57578"}],"version-history":[{"count":1,"href":"https:\/\/2horizontes.com\/index.php?rest_route=\/wp\/v2\/posts\/57578\/revisions"}],"predecessor-version":[{"id":57580,"href":"https:\/\/2horizontes.com\/index.php?rest_route=\/wp\/v2\/posts\/57578\/revisions\/57580"}],"wp:featuredmedia":[{"embeddable":true,"href":"https:\/\/2horizontes.com\/index.php?rest_route=\/wp\/v2\/media\/57579"}],"wp:attachment":[{"href":"https:\/\/2horizontes.com\/index.php?rest_route=%2Fwp%2Fv2%2Fmedia&parent=57578"}],"wp:term":[{"taxonomy":"category","embeddable":true,"href":"https:\/\/2horizontes.com\/index.php?rest_route=%2Fwp%2Fv2%2Fcategories&post=57578"},{"taxonomy":"post_tag","embeddable":true,"href":"https:\/\/2horizontes.com\/index.php?rest_route=%2Fwp%2Fv2%2Ftags&post=57578"}],"curies":[{"name":"wp","href":"https:\/\/api.w.org\/{rel}","templated":true}]}}