{"id":57560,"date":"2016-09-16T19:31:31","date_gmt":"2016-09-16T18:31:31","guid":{"rendered":"http:\/\/2horizontes.com\/?p=57560"},"modified":"2016-09-16T19:31:31","modified_gmt":"2016-09-16T18:31:31","slug":"un-nino-de-9-anos-se-suicida-por-sufrir-acoso-escolar","status":"publish","type":"post","link":"https:\/\/2horizontes.com\/?p=57560","title":{"rendered":"Un ni\u00f1o de 9 a\u00f1os se suicida por sufrir acoso escolar"},"content":{"rendered":"<p>El cuerpo de Jackson fue encontrado por su hermana cuando entr\u00f3 en su habitaci\u00f3n para ense\u00f1arle una rana que se hab\u00eda encontrado. Esta noticia ha ca\u00eddo como un mazo sobre su familia, que ahora pretende concienciar a los j\u00f3venes contra el bullying. \u201cSe trata de decirle a estos ni\u00f1os que est\u00e1n siendo crueles. Y que eso tiene que acabar\u201d explicaba su abuela al diario \u2018New York Daily News\u2019.<\/p>\n<p>Seg\u00fan han explicado tanto a los medios como a la polic\u00eda, desde hac\u00eda unas semanas el comportamiento del ni\u00f1o hab\u00eda cambiado y que, a pesar de los esfuerzos que hicieron para que hablase sobre su problema, \u00e9l se lo call\u00f3. Sin embargo, su familia sab\u00eda que las cosas no iban bien en el colegio y que el resto de ni\u00f1os se met\u00edan con \u00e9l porque era muy peque\u00f1o para su edad.<\/p>\n","protected":false},"excerpt":{"rendered":"<p>El cuerpo de Jackson fue encontrado por su hermana cuando entr\u00f3 en su habitaci\u00f3n para ense\u00f1arle una rana que se hab\u00eda encontrado. Esta noticia ha ca\u00eddo como un mazo sobre su familia, que ahora pretende concienciar a los j\u00f3venes contra el bullying. \u201cSe trata de decirle a estos ni\u00f1os que est\u00e1n siendo crueles. Y que [&hellip;]<\/p>\n","protected":false},"author":3,"featured_media":57561,"comment_status":"open","ping_status":"open","sticky":false,"template":"","format":"standard","meta":{"footnotes":""},"categories":[40],"tags":[],"class_list":["post-57560","post","type-post","status-publish","format-standard","has-post-thumbnail","hentry","category-internacionales"],"_links":{"self":[{"href":"https:\/\/2horizontes.com\/index.php?rest_route=\/wp\/v2\/posts\/57560","targetHints":{"allow":["GET"]}}],"collection":[{"href":"https:\/\/2horizontes.com\/index.php?rest_route=\/wp\/v2\/posts"}],"about":[{"href":"https:\/\/2horizontes.com\/index.php?rest_route=\/wp\/v2\/types\/post"}],"author":[{"embeddable":true,"href":"https:\/\/2horizontes.com\/index.php?rest_route=\/wp\/v2\/users\/3"}],"replies":[{"embeddable":true,"href":"https:\/\/2horizontes.com\/index.php?rest_route=%2Fwp%2Fv2%2Fcomments&post=57560"}],"version-history":[{"count":1,"href":"https:\/\/2horizontes.com\/index.php?rest_route=\/wp\/v2\/posts\/57560\/revisions"}],"predecessor-version":[{"id":57562,"href":"https:\/\/2horizontes.com\/index.php?rest_route=\/wp\/v2\/posts\/57560\/revisions\/57562"}],"wp:featuredmedia":[{"embeddable":true,"href":"https:\/\/2horizontes.com\/index.php?rest_route=\/wp\/v2\/media\/57561"}],"wp:attachment":[{"href":"https:\/\/2horizontes.com\/index.php?rest_route=%2Fwp%2Fv2%2Fmedia&parent=57560"}],"wp:term":[{"taxonomy":"category","embeddable":true,"href":"https:\/\/2horizontes.com\/index.php?rest_route=%2Fwp%2Fv2%2Fcategories&post=57560"},{"taxonomy":"post_tag","embeddable":true,"href":"https:\/\/2horizontes.com\/index.php?rest_route=%2Fwp%2Fv2%2Ftags&post=57560"}],"curies":[{"name":"wp","href":"https:\/\/api.w.org\/{rel}","templated":true}]}}