{"id":57551,"date":"2016-09-16T15:30:16","date_gmt":"2016-09-16T14:30:16","guid":{"rendered":"http:\/\/2horizontes.com\/?p=57551"},"modified":"2016-09-16T15:30:16","modified_gmt":"2016-09-16T14:30:16","slug":"unos-64-mil-puertorriquenos-emigraron-en-2015","status":"publish","type":"post","link":"https:\/\/2horizontes.com\/?p=57551","title":{"rendered":"Unos 64 mil puertorrique\u00f1os emigraron en 2015"},"content":{"rendered":"<div id=\"ArticleAuthorDiv\" class=\"article-body-author\"><b>AP<\/b><\/div>\n<div id=\"ArticleSourceDiv\" class=\"article-body-author\"><b>San Juan<\/b><\/div>\n<div id=\"ArticleBody\">\n<p>El n\u00famero de puertorrique\u00f1os que se fueron de la isla en el 2015 igual\u00f3 la marca registrada el a\u00f1o previo, en medio de una crisis econ\u00f3mica que est\u00e1 sofocando a ese territorio estadounidense, anunciaron ayer jueves las autoridades.<\/p>\n<p>Aproximadamente 64,000 puertorrique\u00f1os se fueron el a\u00f1o pasado, lo que iguala la mayor cifra reportada en 11 a\u00f1os, indic\u00f3 el Instituto de Estad\u00edsticas de Puerto Rico.<\/p>\n<p>\u201cEs preocupante\u201d, se\u00f1al\u00f3 el dem\u00f3grafo Ra\u00fal Figueroa en entrevista telef\u00f3nica. \u201cEn t\u00e9rminos econ\u00f3micos, la fuerza trabajadora va a seguir disminuyendo. Pero m\u00e1s preocupante es la edad. La mayor\u00eda de las personas que salen, al ser j\u00f3venes, el envejecimiento se acelera a\u00fan m\u00e1s\u201d. Estim\u00f3 que la poblaci\u00f3n actual de Puerto Rico est\u00e1 por debajo de los 3.4 millones de habitantes, y podr\u00eda descender a 3.2 millones en los pr\u00f3ximos a\u00f1os.Adem\u00e1s indic\u00f3 que la edad promedio es de 40 a\u00f1os de edad.<\/p>\n<div id=\"FIOnDemandWrapper_fiInstance_101888_2_3480603\" class=\"FIOnDemandWrapper\"><\/div>\n<p>El \u00e9xodo se increment\u00f3 en el 2014, cuando funcionarios reportaron un aumento de 31% de las salidas con respecto al a\u00f1o anterior. La vasta mayor\u00eda de los puertorrique\u00f1os se est\u00e1n estableciendo en Estados Unidos, con lo que dejan atr\u00e1s una isla que enfrenta un futuro incierto en momentos en que una junta federal de control se prepara para supervisar las finanzas del gobierno y ayudar a restructurar una porci\u00f3n de la deuda p\u00fablica de 70.000 millones de d\u00f3lares, que el gobernador ha dicho es impagable.<\/p>\n<\/div>\n","protected":false},"excerpt":{"rendered":"<p>AP San Juan El n\u00famero de puertorrique\u00f1os que se fueron de la isla en el 2015 igual\u00f3 la marca registrada el a\u00f1o previo, en medio de una crisis econ\u00f3mica que est\u00e1 sofocando a ese territorio estadounidense, anunciaron ayer jueves las autoridades. Aproximadamente 64,000 puertorrique\u00f1os se fueron el a\u00f1o pasado, lo que iguala la mayor cifra [&hellip;]<\/p>\n","protected":false},"author":7,"featured_media":57552,"comment_status":"open","ping_status":"open","sticky":false,"template":"","format":"standard","meta":{"footnotes":""},"categories":[54,40],"tags":[],"class_list":["post-57551","post","type-post","status-publish","format-standard","has-post-thumbnail","hentry","category-emigrantes","category-internacionales"],"_links":{"self":[{"href":"https:\/\/2horizontes.com\/index.php?rest_route=\/wp\/v2\/posts\/57551","targetHints":{"allow":["GET"]}}],"collection":[{"href":"https:\/\/2horizontes.com\/index.php?rest_route=\/wp\/v2\/posts"}],"about":[{"href":"https:\/\/2horizontes.com\/index.php?rest_route=\/wp\/v2\/types\/post"}],"author":[{"embeddable":true,"href":"https:\/\/2horizontes.com\/index.php?rest_route=\/wp\/v2\/users\/7"}],"replies":[{"embeddable":true,"href":"https:\/\/2horizontes.com\/index.php?rest_route=%2Fwp%2Fv2%2Fcomments&post=57551"}],"version-history":[{"count":1,"href":"https:\/\/2horizontes.com\/index.php?rest_route=\/wp\/v2\/posts\/57551\/revisions"}],"predecessor-version":[{"id":57553,"href":"https:\/\/2horizontes.com\/index.php?rest_route=\/wp\/v2\/posts\/57551\/revisions\/57553"}],"wp:featuredmedia":[{"embeddable":true,"href":"https:\/\/2horizontes.com\/index.php?rest_route=\/wp\/v2\/media\/57552"}],"wp:attachment":[{"href":"https:\/\/2horizontes.com\/index.php?rest_route=%2Fwp%2Fv2%2Fmedia&parent=57551"}],"wp:term":[{"taxonomy":"category","embeddable":true,"href":"https:\/\/2horizontes.com\/index.php?rest_route=%2Fwp%2Fv2%2Fcategories&post=57551"},{"taxonomy":"post_tag","embeddable":true,"href":"https:\/\/2horizontes.com\/index.php?rest_route=%2Fwp%2Fv2%2Ftags&post=57551"}],"curies":[{"name":"wp","href":"https:\/\/api.w.org\/{rel}","templated":true}]}}