{"id":57533,"date":"2016-09-16T13:49:40","date_gmt":"2016-09-16T12:49:40","guid":{"rendered":"http:\/\/2horizontes.com\/?p=57533"},"modified":"2016-09-16T13:49:40","modified_gmt":"2016-09-16T12:49:40","slug":"oficialismo-marchara-este-viernes-en-caracas","status":"publish","type":"post","link":"https:\/\/2horizontes.com\/?p=57533","title":{"rendered":"Oficialismo marchar\u00e1 este viernes en Caracas"},"content":{"rendered":"<p>VENEZUELA.- Militantes del Partido socialista Unido de Venezuela (PSUV) marchar\u00e1n este viernes en Caracas, en respaldo al presidente de la Rep\u00fablica, Nicol\u00e1s Maduro.<\/p>\n<p>La marcha partir\u00e1 a las 9:00 am desde Parque Carabobo hasta la plaza Diego Ibarra, en el centro de ciudad.<\/p>\n<p>Voceros del PSUV informaron que los ciudadanos se mantendr\u00e1n movilizados para defender sus reivindicaciones sociales y la estabilidad democr\u00e1tica.<\/p>\n","protected":false},"excerpt":{"rendered":"<p>VENEZUELA.- Militantes del Partido socialista Unido de Venezuela (PSUV) marchar\u00e1n este viernes en Caracas, en respaldo al presidente de la Rep\u00fablica, Nicol\u00e1s Maduro. La marcha partir\u00e1 a las 9:00 am desde Parque Carabobo hasta la plaza Diego Ibarra, en el centro de ciudad. Voceros del PSUV informaron que los ciudadanos se mantendr\u00e1n movilizados para defender [&hellip;]<\/p>\n","protected":false},"author":13240,"featured_media":57536,"comment_status":"open","ping_status":"open","sticky":false,"template":"","format":"standard","meta":{"footnotes":""},"categories":[40,43,48],"tags":[],"class_list":["post-57533","post","type-post","status-publish","format-standard","has-post-thumbnail","hentry","category-internacionales","category-politica","category-venezuela"],"_links":{"self":[{"href":"https:\/\/2horizontes.com\/index.php?rest_route=\/wp\/v2\/posts\/57533","targetHints":{"allow":["GET"]}}],"collection":[{"href":"https:\/\/2horizontes.com\/index.php?rest_route=\/wp\/v2\/posts"}],"about":[{"href":"https:\/\/2horizontes.com\/index.php?rest_route=\/wp\/v2\/types\/post"}],"author":[{"embeddable":true,"href":"https:\/\/2horizontes.com\/index.php?rest_route=\/wp\/v2\/users\/13240"}],"replies":[{"embeddable":true,"href":"https:\/\/2horizontes.com\/index.php?rest_route=%2Fwp%2Fv2%2Fcomments&post=57533"}],"version-history":[{"count":1,"href":"https:\/\/2horizontes.com\/index.php?rest_route=\/wp\/v2\/posts\/57533\/revisions"}],"predecessor-version":[{"id":57537,"href":"https:\/\/2horizontes.com\/index.php?rest_route=\/wp\/v2\/posts\/57533\/revisions\/57537"}],"wp:featuredmedia":[{"embeddable":true,"href":"https:\/\/2horizontes.com\/index.php?rest_route=\/wp\/v2\/media\/57536"}],"wp:attachment":[{"href":"https:\/\/2horizontes.com\/index.php?rest_route=%2Fwp%2Fv2%2Fmedia&parent=57533"}],"wp:term":[{"taxonomy":"category","embeddable":true,"href":"https:\/\/2horizontes.com\/index.php?rest_route=%2Fwp%2Fv2%2Fcategories&post=57533"},{"taxonomy":"post_tag","embeddable":true,"href":"https:\/\/2horizontes.com\/index.php?rest_route=%2Fwp%2Fv2%2Ftags&post=57533"}],"curies":[{"name":"wp","href":"https:\/\/api.w.org\/{rel}","templated":true}]}}