{"id":57313,"date":"2016-09-12T16:24:08","date_gmt":"2016-09-12T15:24:08","guid":{"rendered":"http:\/\/2horizontes.com\/?p=57313"},"modified":"2016-09-12T16:24:08","modified_gmt":"2016-09-12T15:24:08","slug":"shakira-y-maluma-preparan-un-tema-juntos","status":"publish","type":"post","link":"https:\/\/2horizontes.com\/?p=57313","title":{"rendered":"Shakira y Maluma preparan un tema juntos"},"content":{"rendered":"<p>La cantante Shakira sorprendi\u00f3 a sus seguidores tras publicar una imagen con el reguetonero Maluma, con el que se encuentra preparando una sorpresa musical.<\/p>\n<p>\u00abPrep\u00e1rense para lo que estamos cocinando aqu\u00ed en el estudio @maluma\u00bb, dijo la colombiana a trav\u00e9s de su cuenta en Instagram.<\/p>\n<p>Por su parte, Maluma public\u00f3 varias im\u00e1genes junto a su compatriota en el estudio de grabaci\u00f3n.<\/p>\n<p>El reguetonero ya hab\u00eda colaborado con la barranquillera, pues particip\u00f3 en el remix de \u00abLa Bicicleta\u00bb.<\/p>\n","protected":false},"excerpt":{"rendered":"<p>La cantante Shakira sorprendi\u00f3 a sus seguidores tras publicar una imagen con el reguetonero Maluma, con el que se encuentra preparando una sorpresa musical. \u00abPrep\u00e1rense para lo que estamos cocinando aqu\u00ed en el estudio @maluma\u00bb, dijo la colombiana a trav\u00e9s de su cuenta en Instagram. Por su parte, Maluma public\u00f3 varias im\u00e1genes junto a su [&hellip;]<\/p>\n","protected":false},"author":13240,"featured_media":57316,"comment_status":"open","ping_status":"open","sticky":false,"template":"","format":"standard","meta":{"footnotes":""},"categories":[50,1,40],"tags":[],"class_list":["post-57313","post","type-post","status-publish","format-standard","has-post-thumbnail","hentry","category-colombia","category-entretenimiento","category-internacionales"],"_links":{"self":[{"href":"https:\/\/2horizontes.com\/index.php?rest_route=\/wp\/v2\/posts\/57313","targetHints":{"allow":["GET"]}}],"collection":[{"href":"https:\/\/2horizontes.com\/index.php?rest_route=\/wp\/v2\/posts"}],"about":[{"href":"https:\/\/2horizontes.com\/index.php?rest_route=\/wp\/v2\/types\/post"}],"author":[{"embeddable":true,"href":"https:\/\/2horizontes.com\/index.php?rest_route=\/wp\/v2\/users\/13240"}],"replies":[{"embeddable":true,"href":"https:\/\/2horizontes.com\/index.php?rest_route=%2Fwp%2Fv2%2Fcomments&post=57313"}],"version-history":[{"count":1,"href":"https:\/\/2horizontes.com\/index.php?rest_route=\/wp\/v2\/posts\/57313\/revisions"}],"predecessor-version":[{"id":57317,"href":"https:\/\/2horizontes.com\/index.php?rest_route=\/wp\/v2\/posts\/57313\/revisions\/57317"}],"wp:featuredmedia":[{"embeddable":true,"href":"https:\/\/2horizontes.com\/index.php?rest_route=\/wp\/v2\/media\/57316"}],"wp:attachment":[{"href":"https:\/\/2horizontes.com\/index.php?rest_route=%2Fwp%2Fv2%2Fmedia&parent=57313"}],"wp:term":[{"taxonomy":"category","embeddable":true,"href":"https:\/\/2horizontes.com\/index.php?rest_route=%2Fwp%2Fv2%2Fcategories&post=57313"},{"taxonomy":"post_tag","embeddable":true,"href":"https:\/\/2horizontes.com\/index.php?rest_route=%2Fwp%2Fv2%2Ftags&post=57313"}],"curies":[{"name":"wp","href":"https:\/\/api.w.org\/{rel}","templated":true}]}}