{"id":57306,"date":"2016-09-12T14:54:41","date_gmt":"2016-09-12T13:54:41","guid":{"rendered":"http:\/\/2horizontes.com\/?p=57306"},"modified":"2016-09-12T15:02:18","modified_gmt":"2016-09-12T14:02:18","slug":"un-joven-frances-mata-a-su-madre-porque-le-impedia-ir-a-siria-como-yihadista","status":"publish","type":"post","link":"https:\/\/2horizontes.com\/?p=57306","title":{"rendered":"Un joven franc\u00e9s mata a su madre porque le imped\u00eda ir a Siria como yihadista"},"content":{"rendered":"<div id=\"ArticleAuthorDiv\" class=\"article-body-author\"><b>EFE<\/b><\/div>\n<div id=\"ArticleSourceDiv\" class=\"article-body-author\"><b>Par\u00eds<\/b><\/div>\n<div id=\"ArticleBody\">\n<p>Un joven de 25 a\u00f1os con antecedentes psiqui\u00e1tricos mat\u00f3 la pasada madrugada en la ciudad francesa de Le Havre (noroeste) a su madre, que trataba de impedir que se fuera a Siria a convertirse en yihadista, revel\u00f3 hoy la emisora \u00abFrance Bleue\u00bb.<\/p>\n<p>El mismo homicida llam\u00f3 desde su domicilio a la polic\u00eda para contarles que hab\u00eda estrangulado a su madre, de 62 a\u00f1os, con una cuerda.<\/p>\n<p>Tras ser detenido, explic\u00f3 a los agentes que hab\u00eda tenido una pelea con su madre, quien se negaba a permitirle marchar a Siria para integrarse en grupos yihadistas.<\/p>\n<div id=\"FIOnDemandWrapper_fiInstance_102464_0_5582517\" class=\"FIOnDemandWrapper\"><\/div>\n<p>Se ha abierto una investigaci\u00f3n que ser\u00e1 encomendada a la Polic\u00eda Judicial, se\u00f1al\u00f3 \u00abFrance Bleue\u00bb.<\/p>\n<p>No ha trascendido todav\u00eda si el hombre ten\u00eda antecedentes o si estaba fichado por los servicios secretos por radicalismo isl\u00e1mico.<\/p>\n<\/div>\n","protected":false},"excerpt":{"rendered":"<p>EFE Par\u00eds Un joven de 25 a\u00f1os con antecedentes psiqui\u00e1tricos mat\u00f3 la pasada madrugada en la ciudad francesa de Le Havre (noroeste) a su madre, que trataba de impedir que se fuera a Siria a convertirse en yihadista, revel\u00f3 hoy la emisora \u00abFrance Bleue\u00bb. El mismo homicida llam\u00f3 desde su domicilio a la polic\u00eda para [&hellip;]<\/p>\n","protected":false},"author":7,"featured_media":57311,"comment_status":"open","ping_status":"open","sticky":false,"template":"","format":"standard","meta":{"footnotes":""},"categories":[40],"tags":[],"class_list":["post-57306","post","type-post","status-publish","format-standard","has-post-thumbnail","hentry","category-internacionales"],"_links":{"self":[{"href":"https:\/\/2horizontes.com\/index.php?rest_route=\/wp\/v2\/posts\/57306","targetHints":{"allow":["GET"]}}],"collection":[{"href":"https:\/\/2horizontes.com\/index.php?rest_route=\/wp\/v2\/posts"}],"about":[{"href":"https:\/\/2horizontes.com\/index.php?rest_route=\/wp\/v2\/types\/post"}],"author":[{"embeddable":true,"href":"https:\/\/2horizontes.com\/index.php?rest_route=\/wp\/v2\/users\/7"}],"replies":[{"embeddable":true,"href":"https:\/\/2horizontes.com\/index.php?rest_route=%2Fwp%2Fv2%2Fcomments&post=57306"}],"version-history":[{"count":1,"href":"https:\/\/2horizontes.com\/index.php?rest_route=\/wp\/v2\/posts\/57306\/revisions"}],"predecessor-version":[{"id":57307,"href":"https:\/\/2horizontes.com\/index.php?rest_route=\/wp\/v2\/posts\/57306\/revisions\/57307"}],"wp:featuredmedia":[{"embeddable":true,"href":"https:\/\/2horizontes.com\/index.php?rest_route=\/wp\/v2\/media\/57311"}],"wp:attachment":[{"href":"https:\/\/2horizontes.com\/index.php?rest_route=%2Fwp%2Fv2%2Fmedia&parent=57306"}],"wp:term":[{"taxonomy":"category","embeddable":true,"href":"https:\/\/2horizontes.com\/index.php?rest_route=%2Fwp%2Fv2%2Fcategories&post=57306"},{"taxonomy":"post_tag","embeddable":true,"href":"https:\/\/2horizontes.com\/index.php?rest_route=%2Fwp%2Fv2%2Ftags&post=57306"}],"curies":[{"name":"wp","href":"https:\/\/api.w.org\/{rel}","templated":true}]}}