{"id":57303,"date":"2016-09-12T14:49:24","date_gmt":"2016-09-12T13:49:24","guid":{"rendered":"http:\/\/2horizontes.com\/?p=57303"},"modified":"2016-09-12T14:49:24","modified_gmt":"2016-09-12T13:49:24","slug":"grandes-manifestaciones-en-cataluna-para-impulsar-la-secesion-de-espana","status":"publish","type":"post","link":"https:\/\/2horizontes.com\/?p=57303","title":{"rendered":"Grandes manifestaciones en Catalu\u00f1a para impulsar la secesi\u00f3n de Espa\u00f1a"},"content":{"rendered":"<div id=\"ArticleAuthorDiv\" class=\"article-body-author\"><b>AFP<\/b><\/div>\n<div id=\"ArticleSourceDiv\" class=\"article-body-author\"><\/div>\n<div id=\"ArticleBody\">\n<p>Centenares de miles de personas est\u00e1n convocadas este domingo en manifestaciones independentistas por toda Catalu\u00f1a con ocasi\u00f3n de la Diada, la fiesta &#8216;nacional&#8217;, mientras sus dirigentes liman sus diferencias para afrontar la fase decisiva de su plan de secesi\u00f3n de Espa\u00f1a.<\/p>\n<p>M\u00e1s de 340.000 personas se inscribieron para participar en las movilizaciones bajo el lema \u00abA punto &#8211; Adelante Rep\u00fablica Catalana\u00bb que tendr\u00e1n lugar en cinco pueblos y ciudades de esta comunidad aut\u00f3noma: Barcelona, Tarragona, Lleida, Berga y Salt.<\/p>\n<p>Los meses previos estuvieron marcados por las divisiones entre los partidos separatistas justo cuando el Gobierno catal\u00e1n debe empezar a tomar las medidas necesarias para conseguir la independencia de esta comunidad de 7,5 millones de habitantes.<\/p>\n<p>\u00abEstamos ante un curso pol\u00edtico especial en el que se tendr\u00e1n que tomar decisiones cr\u00edticas\u00bb, reconoci\u00f3 el presidente catal\u00e1n, Carles Puigdemont, en una rueda para la prensa internacional.<\/p>\n<p>&#8211; \u00abNo podemos esperar\u00bb &#8211;<\/p>\n<p>Cerca del palacio gubernamental, donde ten\u00eda lugar la conferencia, dos militantes tambi\u00e9n expresaban que, tras cinco a\u00f1os de masivas movilizaciones independentistas, sus dirigentes deben romper finalmente con Espa\u00f1a.<\/p>\n<p>\u00abTenemos que ir al desenlace. No podemos esperar m\u00e1s\u00bb, dec\u00eda Xavier Borras, un administrativo de 58 a\u00f1os, preparado ya para la manifestaci\u00f3n de la tarde.<\/p>\n<p>\u00abLos pol\u00edticos dicen que estamos cerca, pero queremos verlo ya\u00bb, a\u00f1ad\u00eda su amigo, Xavier Vallv\u00e9, investigador de 60 a\u00f1os.<\/p>\n<p>Ante las reiteradas negativas del Gobierno central a permitir un refer\u00e9ndum de autodeterminaci\u00f3n como en Escocia, los l\u00edderes separatistas catalanes apostaron por romper unilateralmente con Espa\u00f1a tras obtener la mayor\u00eda absoluta en el Parlamento catal\u00e1n hace un a\u00f1o.<\/p>\n<p>Antes de mediados de 2017 se propusieron preparar su administraci\u00f3n para ser un Estado, aprobar las leyes para desvincularse de Espa\u00f1a y convocar elecciones constituyentes para iniciar la redacci\u00f3n de la Constituci\u00f3n catalana.<\/p>\n<p>Pero el plan se trunc\u00f3 en junio, cuando el Gobierno de coalici\u00f3n de Puigdemont perdi\u00f3 el apoyo del sector m\u00e1s radical del independentismo, el peque\u00f1o partido anticapitalista CUP.<\/p>\n<p>En esta Diada, pretenden reagrupar sus filas y retomar impulso.<\/p>\n<p>Desde 2012, esta fecha, el 11 de septiembre, que recuerda la derrota de Barcelona ante las tropas borb\u00f3nicas en 1714 y la consecuente p\u00e9rdida del autogobierno catal\u00e1n, presencia masivas manifestaciones independentistas.<\/p>\n<p>En 2012, colapsaron el c\u00e9ntrico paseo de Gracia de Barcelona; en 2013, formaron una cadena humana de 400 kil\u00f3metros; y en 2014, dibujaron una &#8216;V&#8217; gigante de &#8216;victoria&#8217; en dos grandes avenidas de la capital catalana.<\/p>\n<p>En esta ocasi\u00f3n, la celebraci\u00f3n ser\u00e1 menos espectacular.<\/p>\n<p>A las 17H14, los manifestantes simular\u00e1n con cartulinas amarillas el latido de un coraz\u00f3n mientras unos grupos de &#8216;castells&#8217;, una tradici\u00f3n catalana, levantan enormes torres humanas, simbolizando que la nueva rep\u00fablica nace con pilares s\u00f3lidos.<\/p>\n<p>&#8211; \u00abEl principal reto de Espa\u00f1a\u00bb &#8211;<\/p>\n<p>Adem\u00e1s de los l\u00edderes independentistas asistir\u00e1n, incluido Carles Puigdemont y su vicepresidente, Oriol Junqueras, y tambi\u00e9n la alcaldesa de Barcelona, Ada Colau.<\/p>\n<p>Ambigua sobre la independencia, Colau se mostr\u00f3 el s\u00e1bado muy cr\u00edtica con \u00abel inmovilismo cr\u00f3nico\u00bb del actual Gobierno de Mariano Rajoy, que apenas se ha abierto a dialogar.<\/p>\n<p>En la misma l\u00ednea se expres\u00f3 Puigdemont, se\u00f1alando que \u00abCatalu\u00f1a es el principal reto pol\u00edtico que tiene Espa\u00f1a\u00bb y por lo tanto deber\u00edan \u00abformular propuestas pol\u00edticas de acuerdo con esta trascendencia\u00bb.<\/p>\n<p>Pero por ahora, la principal respuesta del Gobierno central llega desde los tribunales, con apertura de causas judiciales contra el expresidente Artur Mas o la probable imputaci\u00f3n de la presidenta del Parlamento catal\u00e1n, Carme Forcadell, por permitir en julio la aprobaci\u00f3n de la hoja de ruta independentista.<\/p>\n<div id=\"FIOnDemandWrapper_fiInstance_101888_20_8708246\" class=\"FIOnDemandWrapper\">\n<div class=\"apd_static_banner \"><ins class=\"adsbygoogle\"><ins id=\"aswift_0_expand\"><ins id=\"aswift_0_anchor\"><\/ins><\/ins><\/ins><\/div>\n<\/div>\n<p>Puigdemont asegur\u00f3 que quiere \u00abacordar\u00bb la secesi\u00f3n con el Gobierno central a pesar del bloqueo pol\u00edtico actual, con el Ejecutivo en funciones desde diciembre y la amenaza de celebrar tres elecciones en un a\u00f1o ante la incapacidad de acordar un Gobierno.<\/p>\n<p>De no ser posible, advirti\u00f3, seguir\u00e1n adelante con el apoyo de la CUP, con la que est\u00e1n limando sus discrepancias de cara a recuperar la mayor\u00eda parlamentaria e impulsar el tramo final de su plan.<\/p>\n<p>La duda es c\u00f3mo culminarlo ante las peticiones del partido de convocar desde la c\u00e1mara regional un refer\u00e9ndum de autodeterminaci\u00f3n a mediados de 2017, que les permita declarar la independencia inmediatamente despu\u00e9s.<\/p>\n<\/div>\n","protected":false},"excerpt":{"rendered":"<p>AFP Centenares de miles de personas est\u00e1n convocadas este domingo en manifestaciones independentistas por toda Catalu\u00f1a con ocasi\u00f3n de la Diada, la fiesta &#8216;nacional&#8217;, mientras sus dirigentes liman sus diferencias para afrontar la fase decisiva de su plan de secesi\u00f3n de Espa\u00f1a. M\u00e1s de 340.000 personas se inscribieron para participar en las movilizaciones bajo el [&hellip;]<\/p>\n","protected":false},"author":7,"featured_media":57304,"comment_status":"open","ping_status":"open","sticky":false,"template":"","format":"standard","meta":{"footnotes":""},"categories":[85,40],"tags":[],"class_list":["post-57303","post","type-post","status-publish","format-standard","has-post-thumbnail","hentry","category-espana","category-internacionales"],"_links":{"self":[{"href":"https:\/\/2horizontes.com\/index.php?rest_route=\/wp\/v2\/posts\/57303","targetHints":{"allow":["GET"]}}],"collection":[{"href":"https:\/\/2horizontes.com\/index.php?rest_route=\/wp\/v2\/posts"}],"about":[{"href":"https:\/\/2horizontes.com\/index.php?rest_route=\/wp\/v2\/types\/post"}],"author":[{"embeddable":true,"href":"https:\/\/2horizontes.com\/index.php?rest_route=\/wp\/v2\/users\/7"}],"replies":[{"embeddable":true,"href":"https:\/\/2horizontes.com\/index.php?rest_route=%2Fwp%2Fv2%2Fcomments&post=57303"}],"version-history":[{"count":1,"href":"https:\/\/2horizontes.com\/index.php?rest_route=\/wp\/v2\/posts\/57303\/revisions"}],"predecessor-version":[{"id":57305,"href":"https:\/\/2horizontes.com\/index.php?rest_route=\/wp\/v2\/posts\/57303\/revisions\/57305"}],"wp:featuredmedia":[{"embeddable":true,"href":"https:\/\/2horizontes.com\/index.php?rest_route=\/wp\/v2\/media\/57304"}],"wp:attachment":[{"href":"https:\/\/2horizontes.com\/index.php?rest_route=%2Fwp%2Fv2%2Fmedia&parent=57303"}],"wp:term":[{"taxonomy":"category","embeddable":true,"href":"https:\/\/2horizontes.com\/index.php?rest_route=%2Fwp%2Fv2%2Fcategories&post=57303"},{"taxonomy":"post_tag","embeddable":true,"href":"https:\/\/2horizontes.com\/index.php?rest_route=%2Fwp%2Fv2%2Ftags&post=57303"}],"curies":[{"name":"wp","href":"https:\/\/api.w.org\/{rel}","templated":true}]}}