{"id":5727,"date":"2015-05-05T17:00:41","date_gmt":"2015-05-05T16:00:41","guid":{"rendered":"http:\/\/2horizontes.com\/?p=5727"},"modified":"2015-05-05T17:00:41","modified_gmt":"2015-05-05T16:00:41","slug":"mas-de-40-personas-fueron-rescatadas-cuando-pretendian-vijar-de-forma-ilegal-a-puerto-rico","status":"publish","type":"post","link":"https:\/\/2horizontes.com\/?p=5727","title":{"rendered":"Mas de 40 personas  fueron rescatadas cuando pretendian  vijar de forma ilegal a Puerto Rico"},"content":{"rendered":"<p>La Armada de Rep\u00fablica Dominicana rescat\u00f3 a 46 personas, en aguas del Oc\u00e9ano Atl\u00e1ntico, que trataban de llegar a Puerto Rico de forma clandestina.<\/p>\n<p>La Armada explic\u00f3 que la misi\u00f3n b\u00fasqueda y rescate fue realizada por el guardacostas \u201cProci\u00f3n GC-103 ARD\u201d, en coordinaci\u00f3n con la Guardia Costera de Estados Unidos.<\/p>\n<p>La entidad ofrecer\u00e1 m\u00e1s detalles en una rueda de prensa que ha sido convocada para cerca de este mediod\u00eda en el puerto de Saman\u00e1, donde ser\u00edan trasladados los indocumentados.<\/p>\n<p>Se inform\u00f3 que estos iban en un catamar\u00e1n a la deriva y que al ser rescatados fueron hidratados para luego llevarlos a puerto.<\/p>\n","protected":false},"excerpt":{"rendered":"<p>La Armada de Rep\u00fablica Dominicana rescat\u00f3 a 46 personas, en aguas del Oc\u00e9ano Atl\u00e1ntico, que trataban de llegar a Puerto Rico de forma clandestina. La Armada explic\u00f3 que la misi\u00f3n b\u00fasqueda y rescate fue realizada por el guardacostas \u201cProci\u00f3n GC-103 ARD\u201d, en coordinaci\u00f3n con la Guardia Costera de Estados Unidos. La entidad ofrecer\u00e1 m\u00e1s detalles [&hellip;]<\/p>\n","protected":false},"author":4,"featured_media":5705,"comment_status":"open","ping_status":"open","sticky":false,"template":"","format":"standard","meta":{"footnotes":""},"categories":[54,44],"tags":[],"class_list":["post-5727","post","type-post","status-publish","format-standard","has-post-thumbnail","hentry","category-emigrantes","category-republica-dominicana"],"_links":{"self":[{"href":"https:\/\/2horizontes.com\/index.php?rest_route=\/wp\/v2\/posts\/5727","targetHints":{"allow":["GET"]}}],"collection":[{"href":"https:\/\/2horizontes.com\/index.php?rest_route=\/wp\/v2\/posts"}],"about":[{"href":"https:\/\/2horizontes.com\/index.php?rest_route=\/wp\/v2\/types\/post"}],"author":[{"embeddable":true,"href":"https:\/\/2horizontes.com\/index.php?rest_route=\/wp\/v2\/users\/4"}],"replies":[{"embeddable":true,"href":"https:\/\/2horizontes.com\/index.php?rest_route=%2Fwp%2Fv2%2Fcomments&post=5727"}],"version-history":[{"count":1,"href":"https:\/\/2horizontes.com\/index.php?rest_route=\/wp\/v2\/posts\/5727\/revisions"}],"predecessor-version":[{"id":5732,"href":"https:\/\/2horizontes.com\/index.php?rest_route=\/wp\/v2\/posts\/5727\/revisions\/5732"}],"wp:featuredmedia":[{"embeddable":true,"href":"https:\/\/2horizontes.com\/index.php?rest_route=\/wp\/v2\/media\/5705"}],"wp:attachment":[{"href":"https:\/\/2horizontes.com\/index.php?rest_route=%2Fwp%2Fv2%2Fmedia&parent=5727"}],"wp:term":[{"taxonomy":"category","embeddable":true,"href":"https:\/\/2horizontes.com\/index.php?rest_route=%2Fwp%2Fv2%2Fcategories&post=5727"},{"taxonomy":"post_tag","embeddable":true,"href":"https:\/\/2horizontes.com\/index.php?rest_route=%2Fwp%2Fv2%2Ftags&post=5727"}],"curies":[{"name":"wp","href":"https:\/\/api.w.org\/{rel}","templated":true}]}}