{"id":57243,"date":"2016-09-11T21:17:37","date_gmt":"2016-09-11T20:17:37","guid":{"rendered":"http:\/\/2horizontes.com\/?p=57243"},"modified":"2016-09-11T21:17:37","modified_gmt":"2016-09-11T20:17:37","slug":"asi-ha-sido-la-boda-de-la-bloguera-de-moda-dulceida-en-una-playa-de-ensueno","status":"publish","type":"post","link":"https:\/\/2horizontes.com\/?p=57243","title":{"rendered":"As\u00ed ha sido la boda de la bloguera de moda Dulceida en una playa de ensue\u00f1o"},"content":{"rendered":"<p>Y lleg\u00f3 el gran d\u00eda. Despu\u00e9s de una pedida de mano memorable durante la \u2018Dulceweekend\u2019 el pasado julio, la bloguera de moda Aida Domenech se prometi\u00f3 ante la presencia de miles de personas. Lo mantuvo en silencio pero el d\u00eda se\u00f1alado era el 10 de septiembre y el lugar elegido una playa de ensue\u00f1o.<\/p>\n<p>La catalana se ha casado junto al mar, en un lugar que han decidido mantener en secreto, en una ceremonia muy rom\u00e1ntica acompa\u00f1ada de su c\u00edrculo m\u00e1s \u00edntimo. Tanto ella como su mujer son muy activas en redes sociales y las fotograf\u00edas de la boda no han tardado en circular y llegar a todos sus seguidores.<\/p>\n<p>Aida eligi\u00f3 un vestido blanco palabra de honor con falda de tul muy voluminosa y una larga cola de la firma barcelonesa Ze Garc\u00eda y, como \u00fanico complemento, una gran tiara dorada. Alba Paul, su novia, visti\u00f3 de la misma firma un esmoquin blanco y un body con un escote pronunciado. El segundo vestido de Aida era de encaje, con la espalda descubierta y de nuevo una larga cola.<\/p>\n<p>La noticia no tendr\u00eda inter\u00e9s m\u00e1s all\u00e1 del puro cotilleo si no hubiese sido porque fue la primera en salir del armario y decir abiertamente que le gustan las mujeres. Algo que dentro de la sociedad (y especialmente en el mundo de los blogs de moda) est\u00e1 perfectamente asumido en los hombres pero no en las mujeres. Ellas suelen vestir de esa manera considerada \u2018femenina y con estilo\u2019 que directamente se relaciona con la heterosexualidad.<\/p>\n","protected":false},"excerpt":{"rendered":"<p>Y lleg\u00f3 el gran d\u00eda. Despu\u00e9s de una pedida de mano memorable durante la \u2018Dulceweekend\u2019 el pasado julio, la bloguera de moda Aida Domenech se prometi\u00f3 ante la presencia de miles de personas. Lo mantuvo en silencio pero el d\u00eda se\u00f1alado era el 10 de septiembre y el lugar elegido una playa de ensue\u00f1o. La [&hellip;]<\/p>\n","protected":false},"author":3,"featured_media":57244,"comment_status":"open","ping_status":"open","sticky":false,"template":"","format":"standard","meta":{"footnotes":""},"categories":[52,57],"tags":[],"class_list":["post-57243","post","type-post","status-publish","format-standard","has-post-thumbnail","hentry","category-moda","category-mundo-gay"],"_links":{"self":[{"href":"https:\/\/2horizontes.com\/index.php?rest_route=\/wp\/v2\/posts\/57243","targetHints":{"allow":["GET"]}}],"collection":[{"href":"https:\/\/2horizontes.com\/index.php?rest_route=\/wp\/v2\/posts"}],"about":[{"href":"https:\/\/2horizontes.com\/index.php?rest_route=\/wp\/v2\/types\/post"}],"author":[{"embeddable":true,"href":"https:\/\/2horizontes.com\/index.php?rest_route=\/wp\/v2\/users\/3"}],"replies":[{"embeddable":true,"href":"https:\/\/2horizontes.com\/index.php?rest_route=%2Fwp%2Fv2%2Fcomments&post=57243"}],"version-history":[{"count":1,"href":"https:\/\/2horizontes.com\/index.php?rest_route=\/wp\/v2\/posts\/57243\/revisions"}],"predecessor-version":[{"id":57245,"href":"https:\/\/2horizontes.com\/index.php?rest_route=\/wp\/v2\/posts\/57243\/revisions\/57245"}],"wp:featuredmedia":[{"embeddable":true,"href":"https:\/\/2horizontes.com\/index.php?rest_route=\/wp\/v2\/media\/57244"}],"wp:attachment":[{"href":"https:\/\/2horizontes.com\/index.php?rest_route=%2Fwp%2Fv2%2Fmedia&parent=57243"}],"wp:term":[{"taxonomy":"category","embeddable":true,"href":"https:\/\/2horizontes.com\/index.php?rest_route=%2Fwp%2Fv2%2Fcategories&post=57243"},{"taxonomy":"post_tag","embeddable":true,"href":"https:\/\/2horizontes.com\/index.php?rest_route=%2Fwp%2Fv2%2Ftags&post=57243"}],"curies":[{"name":"wp","href":"https:\/\/api.w.org\/{rel}","templated":true}]}}