{"id":57084,"date":"2016-09-08T17:04:57","date_gmt":"2016-09-08T16:04:57","guid":{"rendered":"http:\/\/2horizontes.com\/?p=57084"},"modified":"2016-09-08T17:04:57","modified_gmt":"2016-09-08T16:04:57","slug":"desarticulada-una-banda-de-narcos-liderada-por-un-exmilitar-checheno","status":"publish","type":"post","link":"https:\/\/2horizontes.com\/?p=57084","title":{"rendered":"Desarticulada una banda de narcos liderada por un exmilitar checheno"},"content":{"rendered":"<p>Agentes de la Polic\u00eda Nacional han desarticulado una c\u00e9lula de narcotraficantes a gran escala liderada por un exmilitar checheno en busca y captura internacional que almacenaba en un piso y en una nave industrial de Valencia 313 kilos de coca\u00edna y 150 de marihuana para su distribuci\u00f3n.<\/p>\n<p>En la operaci\u00f3n, una de las mayores aprehensiones \u00aben tierra\u00bb de coca\u00edna realizada en nuestro pa\u00eds, dos personas han sido detenidas: el \u00abguardi\u00e1n\u00bb de la droga, encargado de custodiarla, y un miembro de la banda llegado a Espa\u00f1a para iniciar \u00abde forma inmediata\u00bb su distribuci\u00f3n, informa la Polic\u00eda en un comunicado.<\/p>\n<p>El responsable del grupo, en busca y captura internacional tras el operativo desplegado en nuestro pa\u00eds, fue miembro de las fuerzas especiales chechenas y ha estado encarcelado en varias ocasiones en B\u00e9lgica por tr\u00e1fico de armas, extorsi\u00f3n, tr\u00e1fico de drogas y proxenetismo.<\/p>\n<p>Los detenidos estaban \u00abobsesionados\u00bb con ser descubiertos y escond\u00edan durante largos periodos de tiempo las drogas en las paredes y techos de viviendas que alquilaban en localidades alejadas de la ciudad de Valencia, donde pensaban que el control policial era menor, para dificultar su detecci\u00f3n.<\/p>\n<p>Tomaban grandes medidas de seguridad<\/p>\n<p>Los inmuebles deb\u00edan cumplir, adem\u00e1s, caracter\u00edsticas que facilitasen una posible huida o evitasen una eventual intervenci\u00f3n policial, como tener un acceso r\u00e1pido (para introducir en ellos las sustancias estupefacientes), contar con garajes comunicados directamente con la vivienda o encontrarse en zonas residenciales en las que pasar m\u00e1s desapercibidos.<\/p>\n<p>Celosos de su seguridad, escond\u00edan la droga en distintos sitios que s\u00f3lo conoc\u00eda un n\u00famero muy reducido de los miembros del grupo, y el estupefaciente permanec\u00eda \u00aben dormido\u00bb al menos un mes antes de ser distribuido.<\/p>\n<p>Llegaban incluso a cesar por completo sus actividades durante este periodo y abandonar nuestro pa\u00eds, mientras que \u00fanicamente permanec\u00eda en Espa\u00f1a uno de ellos, encargado de custodia, vigilancia e informaci\u00f3n al grupo.<\/p>\n<p>Los miembros de esta organizaci\u00f3n operaban en c\u00e9lulas estancas, de no m\u00e1s de dos personas, lo que les permit\u00eda pasar m\u00e1s desapercibidos: s\u00f3lo ellos y el jefe del grupo criminal conoc\u00edan y ten\u00edan acceso a sus inmuebles, de modo que, una eventual investigaci\u00f3n sobre una c\u00e9lula no conducir\u00eda hasta las otras.<\/p>\n<p>Cualquier sospecha supon\u00eda el cambio inmediato de domicilio, incluso el simple hecho de que los vecinos del inmueble empezaran a saludarles tras un tiempo viviendo en el mismo sitio.<\/p>\n<p>Ten\u00edan \u00f3rdenes de vestir \u00fanicamente de negro o blanco, evitando otros colores que llamasen la atenci\u00f3n, y el encargado de la custodia no pod\u00eda salir de su domicilio salvo para controlar o comprar alimentos, por lo que llegaba a pasar d\u00edas enteros sin abandonarlo.<\/p>\n<p>Los agentes averiguaron que uno de los investigados hab\u00eda viajado hasta nuestro pa\u00eds para proceder a la puesta en circulaci\u00f3n la droga que la c\u00e9lula ocultaba en una vivienda y en una nave en Valencia, y, tras su llegada a Espa\u00f1a, se le detuvo, as\u00ed como al guardi\u00e1n de las sustancias.<\/p>\n<p>En minuciosos registros se localiz\u00f3 la coca\u00edna \u00abtapiada\u00bb en las estructura de las casa, oculta en los techos de pr\u00e1cticamente toda la vivienda, en los bajos de la cocina y en el circuito de ventilaci\u00f3n del inmueble, y fue necesario romper paredes para intervenirla.<\/p>\n<p>Adem\u00e1s de los dos arrestos realizados en Espa\u00f1a, hay otros dos miembros del grupo pendientes de detenci\u00f3n, buscados a nivel internacional.<\/p>\n<p>La operaci\u00f3n ha sido realizada por agentes de la Brigada Central de Crimen Organizado de la UDYCO Central y el Grupo de Crimen Organizado de la Brigada Provincial de Polic\u00eda Judicial de la Jefatura Superior de Polic\u00eda de la Comunidad Valenciana.<\/p>\n","protected":false},"excerpt":{"rendered":"<p>Agentes de la Polic\u00eda Nacional han desarticulado una c\u00e9lula de narcotraficantes a gran escala liderada por un exmilitar checheno en busca y captura internacional que almacenaba en un piso y en una nave industrial de Valencia 313 kilos de coca\u00edna y 150 de marihuana para su distribuci\u00f3n. En la operaci\u00f3n, una de las mayores aprehensiones [&hellip;]<\/p>\n","protected":false},"author":3,"featured_media":57085,"comment_status":"open","ping_status":"open","sticky":false,"template":"","format":"standard","meta":{"footnotes":""},"categories":[85],"tags":[],"class_list":["post-57084","post","type-post","status-publish","format-standard","has-post-thumbnail","hentry","category-espana"],"_links":{"self":[{"href":"https:\/\/2horizontes.com\/index.php?rest_route=\/wp\/v2\/posts\/57084","targetHints":{"allow":["GET"]}}],"collection":[{"href":"https:\/\/2horizontes.com\/index.php?rest_route=\/wp\/v2\/posts"}],"about":[{"href":"https:\/\/2horizontes.com\/index.php?rest_route=\/wp\/v2\/types\/post"}],"author":[{"embeddable":true,"href":"https:\/\/2horizontes.com\/index.php?rest_route=\/wp\/v2\/users\/3"}],"replies":[{"embeddable":true,"href":"https:\/\/2horizontes.com\/index.php?rest_route=%2Fwp%2Fv2%2Fcomments&post=57084"}],"version-history":[{"count":1,"href":"https:\/\/2horizontes.com\/index.php?rest_route=\/wp\/v2\/posts\/57084\/revisions"}],"predecessor-version":[{"id":57086,"href":"https:\/\/2horizontes.com\/index.php?rest_route=\/wp\/v2\/posts\/57084\/revisions\/57086"}],"wp:featuredmedia":[{"embeddable":true,"href":"https:\/\/2horizontes.com\/index.php?rest_route=\/wp\/v2\/media\/57085"}],"wp:attachment":[{"href":"https:\/\/2horizontes.com\/index.php?rest_route=%2Fwp%2Fv2%2Fmedia&parent=57084"}],"wp:term":[{"taxonomy":"category","embeddable":true,"href":"https:\/\/2horizontes.com\/index.php?rest_route=%2Fwp%2Fv2%2Fcategories&post=57084"},{"taxonomy":"post_tag","embeddable":true,"href":"https:\/\/2horizontes.com\/index.php?rest_route=%2Fwp%2Fv2%2Ftags&post=57084"}],"curies":[{"name":"wp","href":"https:\/\/api.w.org\/{rel}","templated":true}]}}