{"id":56994,"date":"2016-09-07T20:40:30","date_gmt":"2016-09-07T19:40:30","guid":{"rendered":"http:\/\/2horizontes.com\/?p=56994"},"modified":"2016-09-07T20:40:30","modified_gmt":"2016-09-07T19:40:30","slug":"brasil-violenta-represion-contra-protestas","status":"publish","type":"post","link":"https:\/\/2horizontes.com\/?p=56994","title":{"rendered":"Brasil : Violenta represi\u00f3n contra protestas"},"content":{"rendered":"<div id=\"ArticleAuthorDiv\" class=\"article-body-author\"><b>AFP<\/b><\/div>\n<div id=\"ArticleSourceDiv\" class=\"article-body-author\"><b>Sao Paulo<\/b><\/div>\n<div id=\"ArticleBody\">\n<p>La violenta represi\u00f3n policial a las manifestaciones contra la destituci\u00f3n de la ahora expresidenta izquierdista de Brasil, Dilma Rousseff, generaban ayer martes preocupaci\u00f3n y una intensa pol\u00e9mica en las redes sociales del gigante sudamericano.<\/p>\n<p>Justo despu\u00e9s de que la c\u00e1mara alta votara por la salida del poder de Rousseff el pasado mi\u00e9rcoles, la regi\u00f3n central de Sao Paulo -la mayor ciudad del pa\u00edsse convirti\u00f3 en un campo de batalla por tercera vez en la misma semana.<\/p>\n<p>Los polic\u00edas volvieron a usar gases lacrim\u00f3genos, mientras los manifestantes respond\u00edan lanz\u00e1ndoles piedras y c\u00f3cteles Molotov.<\/p>\n<div id=\"FIOnDemandWrapper_fiInstance_101888_2_3906643\" class=\"FIOnDemandWrapper\"><\/div>\n<p>Entre los siete heridos que dej\u00f3 aquella marcha se encontraba la estudiante de 19 a\u00f1os Deborah Fabri, quien acab\u00f3 perdiendo la visi\u00f3n del ojo izquierdo tras la intervenci\u00f3n de los agentes.<\/p>\n<p>En la tarde del martes, la Fiscal\u00eda inform\u00f3 a los gobernadores de Rio de Janeiro y Sao Paulo que \u201cinvestigar\u00e1 las denuncias\u201d de supuestos abusos cometidos por la polic\u00eda de estos estados durante los \u00faltimos d\u00edas.<\/p>\n<p>La ONG brasile\u00f1a Asociaci\u00f3n de Jueces por la Democracia, de su lado, denunci\u00f3 \u201cla grave situaci\u00f3n de represi\u00f3n a la libertad de manifestaci\u00f3n\u201d.<\/p>\n<\/div>\n","protected":false},"excerpt":{"rendered":"<p>AFP Sao Paulo La violenta represi\u00f3n policial a las manifestaciones contra la destituci\u00f3n de la ahora expresidenta izquierdista de Brasil, Dilma Rousseff, generaban ayer martes preocupaci\u00f3n y una intensa pol\u00e9mica en las redes sociales del gigante sudamericano. Justo despu\u00e9s de que la c\u00e1mara alta votara por la salida del poder de Rousseff el pasado mi\u00e9rcoles, [&hellip;]<\/p>\n","protected":false},"author":7,"featured_media":56995,"comment_status":"open","ping_status":"open","sticky":false,"template":"","format":"standard","meta":{"footnotes":""},"categories":[40,43],"tags":[],"class_list":["post-56994","post","type-post","status-publish","format-standard","has-post-thumbnail","hentry","category-internacionales","category-politica"],"_links":{"self":[{"href":"https:\/\/2horizontes.com\/index.php?rest_route=\/wp\/v2\/posts\/56994","targetHints":{"allow":["GET"]}}],"collection":[{"href":"https:\/\/2horizontes.com\/index.php?rest_route=\/wp\/v2\/posts"}],"about":[{"href":"https:\/\/2horizontes.com\/index.php?rest_route=\/wp\/v2\/types\/post"}],"author":[{"embeddable":true,"href":"https:\/\/2horizontes.com\/index.php?rest_route=\/wp\/v2\/users\/7"}],"replies":[{"embeddable":true,"href":"https:\/\/2horizontes.com\/index.php?rest_route=%2Fwp%2Fv2%2Fcomments&post=56994"}],"version-history":[{"count":1,"href":"https:\/\/2horizontes.com\/index.php?rest_route=\/wp\/v2\/posts\/56994\/revisions"}],"predecessor-version":[{"id":56996,"href":"https:\/\/2horizontes.com\/index.php?rest_route=\/wp\/v2\/posts\/56994\/revisions\/56996"}],"wp:featuredmedia":[{"embeddable":true,"href":"https:\/\/2horizontes.com\/index.php?rest_route=\/wp\/v2\/media\/56995"}],"wp:attachment":[{"href":"https:\/\/2horizontes.com\/index.php?rest_route=%2Fwp%2Fv2%2Fmedia&parent=56994"}],"wp:term":[{"taxonomy":"category","embeddable":true,"href":"https:\/\/2horizontes.com\/index.php?rest_route=%2Fwp%2Fv2%2Fcategories&post=56994"},{"taxonomy":"post_tag","embeddable":true,"href":"https:\/\/2horizontes.com\/index.php?rest_route=%2Fwp%2Fv2%2Ftags&post=56994"}],"curies":[{"name":"wp","href":"https:\/\/api.w.org\/{rel}","templated":true}]}}