{"id":56912,"date":"2016-09-06T16:06:08","date_gmt":"2016-09-06T15:06:08","guid":{"rendered":"http:\/\/2horizontes.com\/?p=56912"},"modified":"2016-09-06T16:06:08","modified_gmt":"2016-09-06T15:06:08","slug":"el-poder-unificador-de-juan-gabriel-cobro-fuerza-en-su-adios-de-bellas-artes","status":"publish","type":"post","link":"https:\/\/2horizontes.com\/?p=56912","title":{"rendered":"El poder unificador de Juan Gabriel cobr\u00f3 fuerza en su adi\u00f3s de Bellas Artes"},"content":{"rendered":"<p>Las cenizas de Juan Gabriel llegaron ayer al ic\u00f3nico Palacio de Bellas Artes de la Ciudad de M\u00e9xico para que cientos de miles lo homenajearan con una visita tan sentida como fugaz en la que ser\u00e1 su \u00faltima parada antes de descansar en su casa de Ciudad Ju\u00e1rez.<\/p>\n<p>El homenaje congreg\u00f3 a importantes figuras del mundo de la cultura y la canci\u00f3n mexicana, as\u00ed como a algunos de los allegados del Divo de Ju\u00e1rez, pero tambi\u00e9n a incontables fan\u00e1ticos, gente que, entre sollozos y c\u00e1nticos, quiso dar el \u00faltimo adi\u00f3s a este artista que traspas\u00f3 generaciones y clases.<\/p>\n<p>Un rompedor de tab\u00faes con su forma \u00fanica de bailar, sentir y cantar que hoy, a ocho d\u00edas de su muerte, desafi\u00f3 de nuevo al statu quo cultural llenando una vez m\u00e1s Bellas Artes, un recinto donde actu\u00f3 por primera vez en 1990 desatando controversias.<\/p>\n<p>Ese concierto caus\u00f3 gran debate sobre los espacios destinados a la alta y la baja cultura en M\u00e9xico, por lo que su presencia -y arrollador \u00e9xito- en este escenario marc\u00f3 un antes y un despu\u00e9s a la forma de acercarse al arte en esta naci\u00f3n latinoamericana.<\/p>\n<p>Iv\u00e1n Gabriel Aguilera, hijo del artista, y Jes\u00fas Salas, representante del divo, llegaron con la urna y acompa\u00f1ados del secretario de Cultura, Rafael Tovar y de Teresa.<\/p>\n<p>De fondo, la banda de mariachi Mi Tierra y el tenor Fernando de la Mora cantaron la emotiva \u00abAmor eterno\u00bb desde las escalinatas de este monumental edificio inaugurado oficialmente en 1934, donde reinaban tres grandes coronas de flores, de Presidencia, de la Secretar\u00eda de Cultura y del mismo Palacio.<\/p>\n<p>La cantante ranchera A\u00edda Cuevas interpret\u00f3 \u00abTe lo pido por favor\u00bb y \u00abTe sigo amando\u00bb con un traje de charro y, tras su interpretaci\u00f3n, mont\u00f3 guardia ante el atril, de la misma forma que los integrantes de Mi Tierra.<\/p>\n<p>Cuevas, quien considera a Juan Gabriel -fallecido de un paro card\u00edaco en Santa M\u00f3nica, Estados Unidos, un \u00abmaestro, amigo y gu\u00eda\u00bb, se deshizo en l\u00e1grimas y abrazos con familiares y amigos del cantante.<\/p>\n<p>Este mismo sentimiento aflor\u00f3 en los admiradores del cantante que se despidieron de este genio de la canci\u00f3n. Aunque solo fuera por cinco segundos, el tiempo que pod\u00edan estar frente a la urna.<\/p>\n<p>C\u00e1mara en mano, muchos con camisetas o pancartas con la imagen de Juan Gabriel y llegados de todos los rincones, le declararon amor y admiraci\u00f3n.<\/p>\n<p>\u00abSent\u00ed que mi alma se me iba. Me gustaba much\u00edsimo\u00bb, cont\u00f3 a EFE Virginia tras pasar ante la urna luego de 10 horas haciendo fila.<\/p>\n<p>Desolada y del brazo de su hermana, explic\u00f3 que su tema favorito del divo es \u00abAbr\u00e1zame muy fuerte\u00bb porque le recuerda a una expareja.<\/p>\n<p>Evelia dijo que era un d\u00eda \u00abmuy triste\u00bb y que hoy, porque la ocasi\u00f3n lo merec\u00eda, no fue a trabajar.<\/p>\n<p>Mart\u00edn lleg\u00f3 desde Atlanta, Georgia, EE UU, para homenajear al cantautor, al que calific\u00f3 de \u00abicono de la comunidad gay\u00bb aunque \u00abno saliera del armario\u00bb.<\/p>\n<p>Para Eugenia, que fue al Palacio con su nieta de ocho a\u00f1os, Alberto Aguilera -nombre verdadero de Juan Gabriel- fue \u00abun personaje extraordinario\u00bb, y dese\u00f3 que, si el cantante est\u00e1 con Dios, pida \u00abpor estos mexicanos que quiso tanto\u00bb.<\/p>\n<p>Fernando, de 20 a\u00f1os, dijo del artista que era un ejemplo a seguir por llegar a la fama tras una infancia \u00abllena de carencias\u00bb.<\/p>\n<p>Estos testimonios son solo una peque\u00f1a muestra del amor al divo reunido hoy en el centro hist\u00f3rico de la Ciudad de M\u00e9xico, donde miles permanecen reunidos y hacen una fila kilom\u00e9trica para darle el adi\u00f3s.<\/p>\n<p>Aunque no falt\u00f3 la m\u00fasica y la fiesta, el sabor amargo de esta despedida qued\u00f3 marcada en el rostro de una mujer de unos 50 a\u00f1os que avanzaba desolada y sostenida por dos hombres, o en el cuerpo de un joven que se desvaneci\u00f3 tras ver la urna de madera.<\/p>\n<p>La muerte de este cantante que abraz\u00f3 generaciones y clases llega en un momento en el que M\u00e9xico parece necesitar, m\u00e1s que nunca, un referente, un h\u00e9roe, alguien querido por todos.<\/p>\n<p>Y esto era Juan Gabriel, un mexicano musical y universal que con sus canciones consigui\u00f3 colarse en casas de ricos y pobres, en bodas y en entierros, como el del hermano de Blanca, una vendedora de ropa veintea\u00f1era que hoy aguardaba sabiendas de que lo ver\u00eda \u00abunos instantes\u00bb.<\/p>\n<p>Fallecido a los 66 a\u00f1os y con m\u00e1s de 40 pisando escenarios, Juan Gabriel regresar\u00e1 a Ciudad Ju\u00e1rez hoy en la noche o el mi\u00e9rcoles en la ma\u00f1ana para reposar en su casa, que se convertir\u00e1 en museo.<\/p>\n<p>Se espera que durante la apertura de Bellas Artes hasta medio mill\u00f3n de personas pasen a honrar al cantante, de acuerdo con estimaciones oficiales.<\/p>\n<p>Este adi\u00f3s catapultar\u00e1 definitivamente al divo al olimpo cultural mexicano y desde el mejor escenario posible, el de un Bellas Artes que un d\u00eda se le resisti\u00f3 antes de rendirse a sus pies y que ha acogido los homenajes p\u00f3stumos de personajes de la talla de Frida Kahlo, Mario Moreno \u00abCantinflas\u00bb, Octavio Paz y Gabriel Garc\u00eda M\u00e1rquez.<\/p>\n","protected":false},"excerpt":{"rendered":"<p>Las cenizas de Juan Gabriel llegaron ayer al ic\u00f3nico Palacio de Bellas Artes de la Ciudad de M\u00e9xico para que cientos de miles lo homenajearan con una visita tan sentida como fugaz en la que ser\u00e1 su \u00faltima parada antes de descansar en su casa de Ciudad Ju\u00e1rez. El homenaje congreg\u00f3 a importantes figuras del [&hellip;]<\/p>\n","protected":false},"author":13240,"featured_media":56940,"comment_status":"open","ping_status":"open","sticky":false,"template":"","format":"standard","meta":{"footnotes":""},"categories":[1,40],"tags":[],"class_list":["post-56912","post","type-post","status-publish","format-standard","has-post-thumbnail","hentry","category-entretenimiento","category-internacionales"],"_links":{"self":[{"href":"https:\/\/2horizontes.com\/index.php?rest_route=\/wp\/v2\/posts\/56912","targetHints":{"allow":["GET"]}}],"collection":[{"href":"https:\/\/2horizontes.com\/index.php?rest_route=\/wp\/v2\/posts"}],"about":[{"href":"https:\/\/2horizontes.com\/index.php?rest_route=\/wp\/v2\/types\/post"}],"author":[{"embeddable":true,"href":"https:\/\/2horizontes.com\/index.php?rest_route=\/wp\/v2\/users\/13240"}],"replies":[{"embeddable":true,"href":"https:\/\/2horizontes.com\/index.php?rest_route=%2Fwp%2Fv2%2Fcomments&post=56912"}],"version-history":[{"count":1,"href":"https:\/\/2horizontes.com\/index.php?rest_route=\/wp\/v2\/posts\/56912\/revisions"}],"predecessor-version":[{"id":56941,"href":"https:\/\/2horizontes.com\/index.php?rest_route=\/wp\/v2\/posts\/56912\/revisions\/56941"}],"wp:featuredmedia":[{"embeddable":true,"href":"https:\/\/2horizontes.com\/index.php?rest_route=\/wp\/v2\/media\/56940"}],"wp:attachment":[{"href":"https:\/\/2horizontes.com\/index.php?rest_route=%2Fwp%2Fv2%2Fmedia&parent=56912"}],"wp:term":[{"taxonomy":"category","embeddable":true,"href":"https:\/\/2horizontes.com\/index.php?rest_route=%2Fwp%2Fv2%2Fcategories&post=56912"},{"taxonomy":"post_tag","embeddable":true,"href":"https:\/\/2horizontes.com\/index.php?rest_route=%2Fwp%2Fv2%2Ftags&post=56912"}],"curies":[{"name":"wp","href":"https:\/\/api.w.org\/{rel}","templated":true}]}}