{"id":56860,"date":"2016-09-05T13:31:16","date_gmt":"2016-09-05T12:31:16","guid":{"rendered":"http:\/\/2horizontes.com\/?p=56860"},"modified":"2016-09-05T13:31:16","modified_gmt":"2016-09-05T12:31:16","slug":"ciudad-juarez-recibe-las-cenizas-de-juan-gabriel","status":"publish","type":"post","link":"https:\/\/2horizontes.com\/?p=56860","title":{"rendered":"Ciudad Ju\u00e1rez recibe las cenizas de Juan Gabriel"},"content":{"rendered":"<p><strong>M\u00e9xico<\/strong><\/p>\n<p><strong>(CNN en Espa\u00f1ol) \u2013<\/strong> Las cenizas del aclamado cantautor mexicano Juan Gabriel llegaron este s\u00e1bado a Ciudad Ju\u00e1rez, la ciudad fronteriza en donde creci\u00f3.<\/p>\n<p><span id=\"more-318065\"><\/span>La urna\u00a0con las cenizas del &#8216;Divo de Ju\u00e1rez&#8217;\u00a0llegaron al aeropuerto de El Paso, en Texas, y alrededor de las 5:50 p.m. hora local, una carroza con la urna cruz\u00f3 la frontera entre Estados Unidos y M\u00e9xico, para llevar las cenizas a la casa que ten\u00eda Juan Gabriel en\u00a0Ju\u00e1rez.<\/p>\n<div class=\"ym-wrapper\"><\/div>\n<div class=\"embed\">\n<div class=\"embed-twitter\">\n<div class=\"SandboxRoot env-bp-350\">\n<div id=\"twitter-widget-0\" class=\"EmbeddedTweet EmbeddedTweet--mediaForward media-forward js-clickToOpenTarget js-tweetIdInfo\" lang=\"es\">\n<article class=\"MediaCard\n           MediaCard--mediaForward\n\n           cards-multimedia\n           customisable-border\" dir=\"ltr\"><\/p>\n<div class=\"MediaCard-media\">\n<div class=\"MediaCard-widthConstraint js-cspForcedStyle\">\n<div class=\"MediaCard-mediaContainer js-cspForcedStyle\">\n<div class=\"NaturalImage-ctaOverlay PlayButton PlayButton--centered\"><\/div>\n<p><a class=\"MediaCard-mediaAsset MediaCard-mediaPlaceholder\n                    NaturalImage NaturalImage--fill\n\n                    js-playableMediaInterstitial\" href=\"https:\/\/twitter.com\/MarioCNN\/status\/772242781611831296\"><img decoding=\"async\" class=\"NaturalImage-image\" src=\"https:\/\/pbs.twimg.com\/ext_tw_video_thumb\/772241707668611073\/pu\/img\/RYHwyWAGjZZzdFHR.jpg\" alt=\"\" \/><\/a><\/div>\n<\/div>\n<\/div>\n<\/article>\n<div class=\"EmbeddedTweet-tweet\">\n<blockquote class=\"Tweet h-entry js-tweetIdInfo subject expanded \n<p>                    is-deciderHtmlWhitespace\" cite=\"https:\/\/twitter.com\/MarioCNN\/status\/772242781611831296\"><\/p>\n<div class=\"Tweet-header u-cf\">\n<div class=\"Tweet-brand u-floatRight\">\n<div class=\"Icon Icon--twitter \" title=\"\"><\/div>\n<p><span class=\"u-hiddenInNarrowEnv\"><a class=\"FollowButton follow-button profile\" title=\"Seguir a Mario Gonzalez en Twitter\" href=\"https:\/\/twitter.com\/MarioCNN\">Seguir<\/a><\/span><\/div>\n<div class=\"TweetAuthor\"><a class=\"TweetAuthor-link Identity u-linkBlend\" href=\"https:\/\/twitter.com\/MarioCNN\"><span class=\"TweetAuthor-avatar Identity-avatar\"><img decoding=\"async\" class=\"Avatar\" src=\"https:\/\/pbs.twimg.com\/profile_images\/427173353569275904\/SF9XsouJ_normal.jpeg\" alt=\"\" \/><\/span><span class=\"TweetAuthor-name Identity-name customisable-highlight\" title=\"Mario Gonzalez\">Mario Gonzalez<\/span> <\/a><\/p>\n<div class=\"Icon Icon--verified \" title=\"Cuenta verificada\"><\/div>\n<p><a class=\"TweetAuthor-link Identity u-linkBlend\" href=\"https:\/\/twitter.com\/MarioCNN\"><span class=\"TweetAuthor-verifiedBadge\"><b class=\"u-hiddenVisually\">\u2714<\/b><\/span><span class=\"TweetAuthor-screenName Identity-screenName\" dir=\"ltr\" title=\"@MarioCNN\">@MarioCNN<\/span><\/a><\/div>\n<\/div>\n<div class=\"Tweet-body e-entry-content\">\n<p class=\"Tweet-text e-entry-title\" dir=\"ltr\" lang=\"es\"><a class=\"PrettyLink hashtag customisable\" href=\"https:\/\/twitter.com\/hashtag\/AmorEterno?src=hash\" rel=\"tag\"><span class=\"PrettyLink-prefix\">#<\/span><span class=\"PrettyLink-value\">AmorEterno<\/span><\/a> en <a class=\"PrettyLink hashtag customisable\" href=\"https:\/\/twitter.com\/hashtag\/JuarezDeLuto?src=hash\" rel=\"tag\"><span class=\"PrettyLink-prefix\">#<\/span><span class=\"PrettyLink-value\">JuarezDeLuto<\/span><\/a> por <a class=\"PrettyLink hashtag customisable\" href=\"https:\/\/twitter.com\/hashtag\/JuanGabriel?src=hash\" rel=\"tag\"><span class=\"PrettyLink-prefix\">#<\/span><span class=\"PrettyLink-value\">JuanGabriel<\/span><\/a><\/p>\n<div class=\"Tweet-metadata dateline\"><a class=\"u-linkBlend u-url customisable-highlight long-permalink\" href=\"https:\/\/twitter.com\/MarioCNN\/status\/772242781611831296\">03:20 &#8211; 4 sep 2016<\/a> \u00b7 <a class=\"u-linkBlend customisable-highlight\" href=\"https:\/\/twitter.com\/search?q=place%3A77d45fff09fe6f8a\">Ju\u00e1rez, Chihuahua, Mexico<\/a><\/div>\n<ul class=\"Tweet-actions\">\n<li class=\"Tweet-action\">\n<div class=\"Icon Icon--reply TweetAction-icon\" title=\"Responder\"><\/div>\n<\/li>\n<li class=\"Tweet-action\">\n<div class=\"Icon Icon--retweet TweetAction-icon\" title=\"Retwittear\"><\/div>\n<p><a class=\"TweetAction TweetAction--retweet web-intent\" href=\"https:\/\/twitter.com\/intent\/retweet?tweet_id=772242781611831296\"><span class=\"TweetAction-stat\">16<\/span><span class=\"u-hiddenVisually\">16 Retweets<\/span><\/a><\/li>\n<li class=\"Tweet-action\">\n<div class=\"Icon Icon--heart TweetAction-icon\" title=\"Me gusta\"><\/div>\n<p><a class=\"TweetAction TweetAction--heart web-intent\" href=\"https:\/\/twitter.com\/intent\/like?tweet_id=772242781611831296\"><span class=\"TweetAction-stat\">50<\/span><span class=\"u-hiddenVisually\">50 me gusta<\/span><\/a><\/li>\n<\/ul>\n<\/div>\n<\/blockquote>\n<\/div>\n<\/div>\n<div class=\"resize-sensor\"><\/div>\n<\/div>\n<\/div>\n<\/div>\n<p>\u00abEn el interior de la residencia se tiene prevista una reuni\u00f3n privada en la que la urna ser\u00e1 colocada en la chimenea de la residencia, para posteriormente celebrar en el exterior una misa en la que participar\u00e1n todos los asistentes\u00bb, seg\u00fan\u00a0la p\u00e1gina web del ayuntamiento de Ciudad Ju\u00e1rez.<\/p>\n<p>La cuenta de Twitter del gobierno local adelant\u00f3 que la misa se llevar\u00e1 a cabo a las\u00a08 de la noche, hora local, y despu\u00e9s habr\u00e1 un homenaje musical.<\/p>\n<p>Juan Gabriel muri\u00f3 inesperadamente el domingo 28 de agosto en Santa M\u00f3nica, California y sus restos fueron incinerados siguiendo los deseos del popular cantante, seg\u00fan lo expresado por su hijo Iv\u00e1n Gabriel Aguilera, en una entrevista con la cadena Univision, citada por la agencia estatal de noticias Notimex.<\/p>\n<p>El lunes, se llevar\u00e1 a cabo un homenaje p\u00f3stumo en el Palacio de Bellas Artes, de la Ciudad de M\u00e9xico, dijo en Twitter el secretario de Cultura de M\u00e9xico, Rafael Tovar y de Teresa.<\/p>\n<div class=\"embed\">\n<div class=\"embed-twitter\">\n<div class=\"SandboxRoot env-bp-350\">\n<div id=\"twitter-widget-1\" class=\"EmbeddedTweet js-clickToOpenTarget\" lang=\"es\">\n<div class=\"EmbeddedTweet-tweet\">\n<blockquote class=\"Tweet h-entry js-tweetIdInfo subject expanded \n<p>                    is-deciderHtmlWhitespace\" cite=\"https:\/\/twitter.com\/rtovarydeteresa\/status\/770818235184709632\"><\/p>\n<div class=\"Tweet-header u-cf\">\n<div class=\"Tweet-brand u-floatRight\">\n<div class=\"Icon Icon--twitter \" title=\"\"><\/div>\n<p><span class=\"u-hiddenInNarrowEnv\"><a class=\"FollowButton follow-button profile\" title=\"Seguir a Rafael Tovar en Twitter\" href=\"https:\/\/twitter.com\/rtovarydeteresa\">Seguir<\/a><\/span><\/div>\n<div class=\"TweetAuthor\"><a class=\"TweetAuthor-link Identity u-linkBlend\" href=\"https:\/\/twitter.com\/rtovarydeteresa\"><span class=\"TweetAuthor-avatar Identity-avatar\"><img decoding=\"async\" class=\"Avatar\" src=\"https:\/\/pbs.twimg.com\/profile_images\/726867743278911488\/zFWZl0o3_normal.jpg\" alt=\"\" \/><\/span><span class=\"TweetAuthor-name Identity-name customisable-highlight\" title=\"Rafael Tovar\">Rafael Tovar<\/span> <\/a><\/p>\n<div class=\"Icon Icon--verified \" title=\"Cuenta verificada\"><\/div>\n<p><a class=\"TweetAuthor-link Identity u-linkBlend\" href=\"https:\/\/twitter.com\/rtovarydeteresa\"><span class=\"TweetAuthor-verifiedBadge\"><b class=\"u-hiddenVisually\">\u2714<\/b><\/span><span class=\"TweetAuthor-screenName Identity-screenName\" dir=\"ltr\" title=\"@rtovarydeteresa\">@rtovarydeteresa<\/span><\/a><\/div>\n<\/div>\n<div class=\"Tweet-body e-entry-content\">\n<p class=\"Tweet-text e-entry-title\" dir=\"ltr\" lang=\"es\">El pr\u00f3ximo lunes se realizar\u00e1 el homenaje a Juan Gabriel en Bellas Artes.<\/p>\n<div class=\"Tweet-metadata dateline\"><a class=\"u-linkBlend u-url customisable-highlight long-permalink\" href=\"https:\/\/twitter.com\/rtovarydeteresa\/status\/770818235184709632\">04:59 &#8211; 31 ago 2016<\/a><\/div>\n<ul class=\"Tweet-actions\">\n<li class=\"Tweet-action\">\n<div class=\"Icon Icon--reply TweetAction-icon\" title=\"Responder\"><\/div>\n<\/li>\n<li class=\"Tweet-action\">\n<div class=\"Icon Icon--retweet TweetAction-icon\" title=\"Retwittear\"><\/div>\n<p><a class=\"TweetAction TweetAction--retweet web-intent\" href=\"https:\/\/twitter.com\/intent\/retweet?tweet_id=770818235184709632\"><span class=\"TweetAction-stat\">1.275<\/span><span class=\"u-hiddenVisually\">1.275 Retweets<\/span><\/a><\/li>\n<li class=\"Tweet-action\">\n<div class=\"Icon Icon--heart TweetAction-icon\" title=\"Me gusta\"><\/div>\n<p><a class=\"TweetAction TweetAction--heart web-intent\" href=\"https:\/\/twitter.com\/intent\/like?tweet_id=770818235184709632\"><span class=\"TweetAction-stat\">1.557<\/span><span class=\"u-hiddenVisually\">1.557 me gusta<\/span><\/a><\/li>\n<\/ul>\n<\/div>\n<\/blockquote>\n<\/div>\n<\/div>\n<div class=\"resize-sensor\"><\/div>\n<\/div>\n<\/div>\n<\/div>\n<p>En ambos eventos se espera una inmensa cantidad de admiradores.<\/p>\n<p>Las cenizas del \u00abDivo de Ju\u00e1rez\u00bb reposar\u00e1n definitivamente en su casa de Ciudad Ju\u00e1rez por petici\u00f3n del mismo Juan Gabriel, seg\u00fan lo dicho a Univision por su hijo Iv\u00e1n Gabriel.<\/p>\n","protected":false},"excerpt":{"rendered":"<p>M\u00e9xico (CNN en Espa\u00f1ol) \u2013 Las cenizas del aclamado cantautor mexicano Juan Gabriel llegaron este s\u00e1bado a Ciudad Ju\u00e1rez, la ciudad fronteriza en donde creci\u00f3. La urna\u00a0con las cenizas del &#8216;Divo de Ju\u00e1rez&#8217;\u00a0llegaron al aeropuerto de El Paso, en Texas, y alrededor de las 5:50 p.m. hora local, una carroza con la urna cruz\u00f3 la [&hellip;]<\/p>\n","protected":false},"author":7,"featured_media":56861,"comment_status":"open","ping_status":"open","sticky":false,"template":"","format":"standard","meta":{"footnotes":""},"categories":[1,40],"tags":[],"class_list":["post-56860","post","type-post","status-publish","format-standard","has-post-thumbnail","hentry","category-entretenimiento","category-internacionales"],"_links":{"self":[{"href":"https:\/\/2horizontes.com\/index.php?rest_route=\/wp\/v2\/posts\/56860","targetHints":{"allow":["GET"]}}],"collection":[{"href":"https:\/\/2horizontes.com\/index.php?rest_route=\/wp\/v2\/posts"}],"about":[{"href":"https:\/\/2horizontes.com\/index.php?rest_route=\/wp\/v2\/types\/post"}],"author":[{"embeddable":true,"href":"https:\/\/2horizontes.com\/index.php?rest_route=\/wp\/v2\/users\/7"}],"replies":[{"embeddable":true,"href":"https:\/\/2horizontes.com\/index.php?rest_route=%2Fwp%2Fv2%2Fcomments&post=56860"}],"version-history":[{"count":1,"href":"https:\/\/2horizontes.com\/index.php?rest_route=\/wp\/v2\/posts\/56860\/revisions"}],"predecessor-version":[{"id":56862,"href":"https:\/\/2horizontes.com\/index.php?rest_route=\/wp\/v2\/posts\/56860\/revisions\/56862"}],"wp:featuredmedia":[{"embeddable":true,"href":"https:\/\/2horizontes.com\/index.php?rest_route=\/wp\/v2\/media\/56861"}],"wp:attachment":[{"href":"https:\/\/2horizontes.com\/index.php?rest_route=%2Fwp%2Fv2%2Fmedia&parent=56860"}],"wp:term":[{"taxonomy":"category","embeddable":true,"href":"https:\/\/2horizontes.com\/index.php?rest_route=%2Fwp%2Fv2%2Fcategories&post=56860"},{"taxonomy":"post_tag","embeddable":true,"href":"https:\/\/2horizontes.com\/index.php?rest_route=%2Fwp%2Fv2%2Ftags&post=56860"}],"curies":[{"name":"wp","href":"https:\/\/api.w.org\/{rel}","templated":true}]}}