{"id":56723,"date":"2016-09-02T12:52:01","date_gmt":"2016-09-02T11:52:01","guid":{"rendered":"http:\/\/2horizontes.com\/?p=56723"},"modified":"2016-09-02T12:52:01","modified_gmt":"2016-09-02T11:52:01","slug":"condenan-a-7-anos-de-carcel-a-hombre-por-trafico-de-dominicanos-en-costa-rica","status":"publish","type":"post","link":"https:\/\/2horizontes.com\/?p=56723","title":{"rendered":"Condenan a 7 a\u00f1os de c\u00e1rcel a hombre por tr\u00e1fico de dominicanos en Costa Rica"},"content":{"rendered":"<div id=\"ArticleAuthorDiv\" class=\"article-body-author\"><b>EFE<\/b><\/div>\n<div id=\"ArticleSourceDiv\" class=\"article-body-author\"><b>San Jos\u00e9<\/b><\/div>\n<div id=\"ArticleBody\">\n<p>Un tribunal de Costa Rica conden\u00f3 a 7 a\u00f1os y cuatro meses de c\u00e1rcel a un hombre por legitimaci\u00f3n de capitales y tr\u00e1fico il\u00edcito de migrantes dominicanos, inform\u00f3 ayer el Ministerio P\u00fablico.<\/p>\n<p>La sentencia contra Jairo Pe\u00f1a Checo fue dictada el mi\u00e9rcoles por el Tribunal Penal del Primer Circuito Judicial de San Jos\u00e9, luego de que el hombre aceptara los cargos y se sometiera a un proceso abreviado en el que no fue necesario un juicio.<\/p>\n<p>El Ministerio P\u00fablico explic\u00f3 que los hechos de este caso se desarrollaron entre el 2005 y el 2013, cuando Pe\u00f1a se desempe\u00f1aba como colaborador de Ramona D\u00edaz Suero, l\u00edder de una organizaci\u00f3n de tr\u00e1fico de migrantes dominicanos quien fue sentenciada a 16 a\u00f1os de prisi\u00f3n el 24 de junio del 2014.<\/p>\n<p>\u00abPe\u00f1a interven\u00eda de manera ilegal en el tr\u00e1mite para la obtenci\u00f3n de documentos de naturalizaci\u00f3n ante entes estatales para facilitar documentos falsos. Tambi\u00e9n ejecut\u00f3 acciones internacionales de transporte de dinero en efectivo proveniente de delitos graves, con el objeto de ocultar su origen ilegal e insertarlo en el sistema financiero nacional\u00bb, explic\u00f3 la Fiscal\u00eda.<\/p>\n<div id=\"FIOnDemandWrapper_fiInstance_101888_3_6430021\" class=\"FIOnDemandWrapper\"><\/div>\n<p>El 18 de septiembre del 2012, en el Aeropuerto Internacional Juan Santamar\u00eda, en las afueras de San Jos\u00e9, Pe\u00f1a y D\u00edaz fueron sorprendidos por las autoridades de la Polic\u00eda de Control de Drogas cuando ingresaron provenientes de Rep\u00fablica Dominicana con 410.600 d\u00f3lares ocultos en el equipaje.<\/p>\n<p>En las valijas los agentes tambi\u00e9n encontraron documentos de identidad de varias personas, certificaciones de nacimiento y fotograf\u00edas.<\/p>\n<p>El 25 de abril del 2013, las autoridades allanaron la casa de Pe\u00f1a y hallaron fotograf\u00edas tama\u00f1o pasaporte de diversas personas, c\u00e9dulas, pasaportes, copias de c\u00e9dulas de residencia, documentos del Consulado de Costa Rica en Managua, Nicaragua, formularios de la Direcci\u00f3n de Migraci\u00f3n costarricense y solicitudes de permiso de trabajo para empleadas dom\u00e9sticas.<\/p>\n<\/div>\n","protected":false},"excerpt":{"rendered":"<p>EFE San Jos\u00e9 Un tribunal de Costa Rica conden\u00f3 a 7 a\u00f1os y cuatro meses de c\u00e1rcel a un hombre por legitimaci\u00f3n de capitales y tr\u00e1fico il\u00edcito de migrantes dominicanos, inform\u00f3 ayer el Ministerio P\u00fablico. La sentencia contra Jairo Pe\u00f1a Checo fue dictada el mi\u00e9rcoles por el Tribunal Penal del Primer Circuito Judicial de San [&hellip;]<\/p>\n","protected":false},"author":7,"featured_media":56724,"comment_status":"open","ping_status":"open","sticky":false,"template":"","format":"standard","meta":{"footnotes":""},"categories":[54,40],"tags":[],"class_list":["post-56723","post","type-post","status-publish","format-standard","has-post-thumbnail","hentry","category-emigrantes","category-internacionales"],"_links":{"self":[{"href":"https:\/\/2horizontes.com\/index.php?rest_route=\/wp\/v2\/posts\/56723","targetHints":{"allow":["GET"]}}],"collection":[{"href":"https:\/\/2horizontes.com\/index.php?rest_route=\/wp\/v2\/posts"}],"about":[{"href":"https:\/\/2horizontes.com\/index.php?rest_route=\/wp\/v2\/types\/post"}],"author":[{"embeddable":true,"href":"https:\/\/2horizontes.com\/index.php?rest_route=\/wp\/v2\/users\/7"}],"replies":[{"embeddable":true,"href":"https:\/\/2horizontes.com\/index.php?rest_route=%2Fwp%2Fv2%2Fcomments&post=56723"}],"version-history":[{"count":1,"href":"https:\/\/2horizontes.com\/index.php?rest_route=\/wp\/v2\/posts\/56723\/revisions"}],"predecessor-version":[{"id":56725,"href":"https:\/\/2horizontes.com\/index.php?rest_route=\/wp\/v2\/posts\/56723\/revisions\/56725"}],"wp:featuredmedia":[{"embeddable":true,"href":"https:\/\/2horizontes.com\/index.php?rest_route=\/wp\/v2\/media\/56724"}],"wp:attachment":[{"href":"https:\/\/2horizontes.com\/index.php?rest_route=%2Fwp%2Fv2%2Fmedia&parent=56723"}],"wp:term":[{"taxonomy":"category","embeddable":true,"href":"https:\/\/2horizontes.com\/index.php?rest_route=%2Fwp%2Fv2%2Fcategories&post=56723"},{"taxonomy":"post_tag","embeddable":true,"href":"https:\/\/2horizontes.com\/index.php?rest_route=%2Fwp%2Fv2%2Ftags&post=56723"}],"curies":[{"name":"wp","href":"https:\/\/api.w.org\/{rel}","templated":true}]}}